{"id":74971,"date":"2025-08-30T07:44:19","date_gmt":"2025-08-30T07:44:19","guid":{"rendered":"https:\/\/ikimisli.tr\/?p=74971"},"modified":"2025-08-30T07:44:19","modified_gmt":"2025-08-30T07:44:19","slug":"kis-soguk-gececek-vortex-bozulacak-la-nina-devreye-girecek","status":"publish","type":"post","link":"https:\/\/ikimisli.tr\/index.php\/2025\/08\/30\/kis-soguk-gececek-vortex-bozulacak-la-nina-devreye-girecek\/","title":{"rendered":"K\u0131\u015f so\u011fuk ge\u00e7ecek! Vortex bozulacak La Nina devreye girecek"},"content":{"rendered":"<p>T\u00fcrkiye, Pasifik Okyanusu\u2019nda geli\u015fen La Ni\u00f1a tesirini sonbahar ve k\u0131\u015f aylar\u0131nda hissedecek. Milletleraras\u0131 iklim kurumlar\u0131n\u0131n raporlar\u0131, bu tesirin atmosferik sirk\u00fclasyonu de\u011fi\u015ftirece\u011fini ve k\u0131\u015f \u015fartlar\u0131n\u0131 belirleyece\u011fini ortaya koydu.<\/p>\n<p>Meteoroloji M\u00fchendisi Adil Tek, \u201cHaziran ay\u0131ndan itibaren La Ni\u00f1a \u015fartlar\u0131na ge\u00e7ildi. Ocak 2026\u2019ya kadar zay\u0131f ya da orta \u015fiddette devam etmesi bekleniyor\u201d dedi. \u0130stanbul Ayd\u0131n \u00dcniversitesi \u00d6\u011fretim \u00dcyesi Dr. G\u00fcven \u00d6zdemir ise, \u201cModel \u00e7al\u0131\u015fmalar\u0131nda La Ni\u00f1a\u2019n\u0131n birtak\u0131m evrelerde g\u00fc\u00e7lenece\u011fi, kimi devirlerde ise zay\u0131flayaca\u011f\u0131 g\u00f6r\u00fcl\u00fcyor\u201d tabirlerini kulland\u0131.<\/p>\n<p><b><strong>KURAKLIK SONA ERECEK<\/strong><\/b><\/p>\n<p>Adil Tek, \u201cEyl\u00fcl ve ekim kurak ge\u00e7ecek. Kas\u0131m ay\u0131nda kimi b\u00f6lgelerde kurakl\u0131k devam edecek. Lakin aral\u0131k ay\u0131nda ortalaman\u0131n \u00fczerinde ya\u011f\u0131\u015f bekleniyor, kurakl\u0131k b\u00fcy\u00fck oranda sona erecek\u201d de\u011ferlendirmesinde bulundu.<\/p>\n<p>Dr. G\u00fcven \u00d6zdemir de, \u201cSonbahar\u0131n ikinci yar\u0131s\u0131ndan itibaren kurakl\u0131k riski y\u00fcksek. Ortalama s\u0131cakl\u0131klar mevsim normallerinin biraz \u00fczerinde seyredecek\u201d dedi.<\/p>\n<p><b><strong>VORTEX UYARISI<\/strong><\/b><\/p>\n<p>Kutup b\u00f6lgesindeki geli\u015fmelere dikkat \u00e7eken Adil Tek, \u201cBu y\u0131l vortexin bozulaca\u011f\u0131 taraf\u0131nda beklentiler var. \u015eayet bu ger\u00e7ekle\u015firse k\u0131\u015f daha sert ge\u00e7ebilir\u201d diye konu\u015ftu.<\/p>\n<p><b><strong>HAFTA SONU SICAK DALGA GEL\u0130YOR<\/strong><\/b><\/p>\n<p>Adil Tek ayr\u0131yeten hafta sonunda s\u0131cak hava dalgas\u0131n\u0131n tesirli olaca\u011f\u0131n\u0131 belirterek, \u201cPazar g\u00fcn\u00fc \u0130stanbul\u2019da s\u0131cakl\u0131k 32 dereceye ula\u015facak. Marmara\u2019da poyraz s\u00fcrecek, ya\u011f\u0131\u015flar 14-15 Eyl\u00fcl\u2019e kadar g\u00f6r\u00fclmeyecek\u201d dedi.<\/p>\n","protected":false},"excerpt":{"rendered":"<p>Uzmanlara nazaran ekim ve kas\u0131m aylar\u0131 mevsim normallerinde ge\u00e7ecek, kurakl\u0131k aral\u0131k ay\u0131nda sona erecek. Ocak ve \u015fubatta ise so\u011fuk hava dalgalar\u0131yla kar ya\u011f\u0131\u015f\u0131 ihtimali bulunuyor. Meteoroloji M\u00fchendisi Adil Tek,  \u201cBu y\u0131l vortexin bozulaca\u011f\u0131 istikametinde beklentiler var. \u015eayet bu ger\u00e7ekle\u015firse k\u0131\u015f daha sert ge\u00e7ebilir\u201d dedi.<\/p>\n","protected":false},"author":1,"featured_media":74972,"comment_status":"open","ping_status":"open","sticky":false,"template":"","format":"standard","meta":{"footnotes":""},"categories":[25],"tags":[7931],"class_list":["post-74971","post","type-post","status-publish","format-standard","has-post-thumbnail","hentry","category-gundem","tag-kurak"],"_links":{"self":[{"href":"https:\/\/ikimisli.tr\/index.php\/wp-json\/wp\/v2\/posts\/74971","targetHints":{"allow":["GET"]}}],"collection":[{"href":"https:\/\/ikimisli.tr\/index.php\/wp-json\/wp\/v2\/posts"}],"about":[{"href":"https:\/\/ikimisli.tr\/index.php\/wp-json\/wp\/v2\/types\/post"}],"author":[{"embeddable":true,"href":"https:\/\/ikimisli.tr\/index.php\/wp-json\/wp\/v2\/users\/1"}],"replies":[{"embeddable":true,"href":"https:\/\/ikimisli.tr\/index.php\/wp-json\/wp\/v2\/comments?post=74971"}],"version-history":[{"count":1,"href":"https:\/\/ikimisli.tr\/index.php\/wp-json\/wp\/v2\/posts\/74971\/revisions"}],"predecessor-version":[{"id":74973,"href":"https:\/\/ikimisli.tr\/index.php\/wp-json\/wp\/v2\/posts\/74971\/revisions\/74973"}],"wp:featuredmedia":[{"embeddable":true,"href":"https:\/\/ikimisli.tr\/index.php\/wp-json\/wp\/v2\/media\/74972"}],"wp:attachment":[{"href":"https:\/\/ikimisli.tr\/index.php\/wp-json\/wp\/v2\/media?parent=74971"}],"wp:term":[{"taxonomy":"category","embeddable":true,"href":"https:\/\/ikimisli.tr\/index.php\/wp-json\/wp\/v2\/categories?post=74971"},{"taxonomy":"post_tag","embeddable":true,"href":"https:\/\/ikimisli.tr\/index.php\/wp-json\/wp\/v2\/tags?post=74971"}],"curies":[{"name":"wp","href":"https:\/\/api.w.org\/{rel}","templated":true}]}}