{"id":74981,"date":"2025-08-30T08:20:19","date_gmt":"2025-08-30T08:20:19","guid":{"rendered":"https:\/\/ikimisli.tr\/?p=74981"},"modified":"2025-08-30T08:20:19","modified_gmt":"2025-08-30T08:20:19","slug":"mourinho-ve-solskjaer-11-saat-arayla-gonderildi","status":"publish","type":"post","link":"https:\/\/ikimisli.tr\/index.php\/2025\/08\/30\/mourinho-ve-solskjaer-11-saat-arayla-gonderildi\/","title":{"rendered":"Mourinho ve Solskjaer 11 saat arayla g\u00f6nderildi!"},"content":{"rendered":"<p>S\u00fcper Lig&#8217;in 2 devi Be\u015fikta\u015f ve Fenerbah\u00e7e birebir anda teknik y\u00f6neticileriyle yollar\u0131n\u0131 ay\u0131rd\u0131. \u0130svi\u00e7re grubu Lausanne\u2019a  meskeninde kaybeden Avrupa&#8217;ya veda eden Be\u015fikta\u015f&#8217;ta teknik y\u00f6netici Ole Gunnar Solskjaer\u2019in mukavelesi feshedildi.<\/p>\n<p>Ba\u015fkan Serdal Adal\u0131 ile inan\u0131lmaz toplant\u0131 yapan Norve\u00e7li teknik adam ile yollar ayr\u0131lmas\u0131ndan k\u0131sa bir m\u00fcddet sonra as\u0131l s\u00fcrpriz Fenerbah\u00e7e&#8217;den geldi&#8230; Sar\u0131 lacivertliler Benfica&#8217;ya elenerek \u015eampiyonlar Ligi defterini kapatan Jose Mourinho&#8217;nun misyonuna son verildi\u011fini resmi olarak a\u00e7\u0131klad\u0131. <\/p>\n<p>Tarihte tahminen de birinci kere hem Fenerbah\u00e7e hem de Be\u015fikta\u015f 11 saat ortayla hocalar\u0131n\u0131 g\u00f6ndermi\u015f oldu. <\/p>\n<p><b>\u0130NG\u0130LTERE&#8217;DEK\u0130 HALEF-SELEF MESELES\u0130<\/b><\/p>\n<p>Premier Lig&#8217;de Manchester United ile yollar\u0131n\u0131 ay\u0131ran Mourinho&#8217;nun yerine misyona Solskjaer getirilmi\u015fti. Aral\u0131k 2018&#8217;de Manchester&#8217;da misyonuna son verilen Mourinho daha sonra Tottenham ile anla\u015farak Old Trafford&#8217;a d\u00f6nd\u00fc. <\/p>\n<p>Solskjaer Manchester United&#8217;da birinci periyot \u00e2l\u00e2 i\u015fler yapt\u0131 ve selefi Mourinho&#8217;nun Tottenham grubuna kar\u015f\u0131 de\u011ferli bir galibiyet elde etti. Hatta Mourinho deplasmanda Solskjaer&#8217;e kar\u015f\u0131 birinci yenilgisini tatm\u0131\u015ft\u0131. <\/p>\n<p>O ma\u00e7\u0131n akabinde Solskjaer&#8217;in Mourinho&#8217;nun ba\u015f\u0131n\u0131 ok\u015fad\u0131\u011f\u0131 manzaralar uzun bir m\u00fchlet \u0130ngiliz medyas\u0131n\u0131 me\u015fgul etmi\u015fti. Norve\u00e7li teknik adam, son d\u00fcd\u00fc\u011f\u00fcn akabinde Portekizli teknik adamla tokala\u015ft\u0131ktan sonra ba\u015f\u0131na dokundu. Bu hareket kimi \u0130ngiliz taraftarlar taraf\u0131ndan a\u015fa\u011f\u0131lay\u0131c\u0131 olarak g\u00f6r\u00fcld\u00fc.<\/p>\n<p>Y\u0131llar sonra yollar\u0131 T\u00fcrkiye&#8217;de kesi\u015fen ikilinin misyonuna 11 saat ortayla son verildi.<\/p>\n","protected":false},"excerpt":{"rendered":"<p>Be\u015fikta\u015f&#8217;\u0131n Ole Gunnar Solskjaer&#8217;in vazifesine son vermesinden 11 saat sonra Fenerbah\u00e7e Mourinho&#8217;yu g\u00f6nderdi. \u0130stanbul&#8217;un 2 b\u00fcy\u00fck kul\u00fcb\u00fc \u0130ngiltere&#8217;den halef selef olan iki hocan\u0131n misyonuna t\u0131pk\u0131 anda son verdi.<\/p>\n","protected":false},"author":1,"featured_media":74982,"comment_status":"open","ping_status":"open","sticky":false,"template":"","format":"standard","meta":{"footnotes":""},"categories":[30],"tags":[1298,2668,1070],"class_list":["post-74981","post","type-post","status-publish","format-standard","has-post-thumbnail","hentry","category-spor","tag-mourinho","tag-solskjaer","tag-teknik"],"_links":{"self":[{"href":"https:\/\/ikimisli.tr\/index.php\/wp-json\/wp\/v2\/posts\/74981","targetHints":{"allow":["GET"]}}],"collection":[{"href":"https:\/\/ikimisli.tr\/index.php\/wp-json\/wp\/v2\/posts"}],"about":[{"href":"https:\/\/ikimisli.tr\/index.php\/wp-json\/wp\/v2\/types\/post"}],"author":[{"embeddable":true,"href":"https:\/\/ikimisli.tr\/index.php\/wp-json\/wp\/v2\/users\/1"}],"replies":[{"embeddable":true,"href":"https:\/\/ikimisli.tr\/index.php\/wp-json\/wp\/v2\/comments?post=74981"}],"version-history":[{"count":1,"href":"https:\/\/ikimisli.tr\/index.php\/wp-json\/wp\/v2\/posts\/74981\/revisions"}],"predecessor-version":[{"id":74983,"href":"https:\/\/ikimisli.tr\/index.php\/wp-json\/wp\/v2\/posts\/74981\/revisions\/74983"}],"wp:featuredmedia":[{"embeddable":true,"href":"https:\/\/ikimisli.tr\/index.php\/wp-json\/wp\/v2\/media\/74982"}],"wp:attachment":[{"href":"https:\/\/ikimisli.tr\/index.php\/wp-json\/wp\/v2\/media?parent=74981"}],"wp:term":[{"taxonomy":"category","embeddable":true,"href":"https:\/\/ikimisli.tr\/index.php\/wp-json\/wp\/v2\/categories?post=74981"},{"taxonomy":"post_tag","embeddable":true,"href":"https:\/\/ikimisli.tr\/index.php\/wp-json\/wp\/v2\/tags?post=74981"}],"curies":[{"name":"wp","href":"https:\/\/api.w.org\/{rel}","templated":true}]}}