{"id":74999,"date":"2025-08-30T09:20:19","date_gmt":"2025-08-30T09:20:19","guid":{"rendered":"https:\/\/ikimisli.tr\/?p=74999"},"modified":"2025-08-30T09:20:19","modified_gmt":"2025-08-30T09:20:19","slug":"premier-lig-ekipleri-mourinhonun-pesinde","status":"publish","type":"post","link":"https:\/\/ikimisli.tr\/index.php\/2025\/08\/30\/premier-lig-ekipleri-mourinhonun-pesinde\/","title":{"rendered":"Premier Lig ekipleri Mourinho&#8217;nun pe\u015finde"},"content":{"rendered":"<p>Fenerbah\u00e7e, teknik y\u00f6netici Jose Mourinho ile yollar\u0131n\u0131 ay\u0131r\u0131rken tecr\u00fcbeli teknik adam\u0131n gelece\u011fi i\u00e7in spek\u00fclasyonlar da ortaya at\u0131lmaya ba\u015flad\u0131.<\/p>\n<p>\u0130ngiliz bas\u0131n\u0131nda \u00e7\u0131kan haberlere nazaran Portekizli teknik adam i\u00e7in Premier Lig gruplar\u0131 devrede.<\/p>\n<p><b>\u0130K\u0130 KADRO \u0130\u00c7\u0130N ADAY<\/b><\/p>\n<p>The Sun&#8217;\u0131n aktard\u0131\u011f\u0131 habere nazaran ge\u00e7en haftadan bu yana Mourinho&#8217;nun Nottingham Forest ile isminin an\u0131ld\u0131\u011f\u0131 tabir edildi. Tecr\u00fcbeli \u00e7al\u0131\u015ft\u0131r\u0131c\u0131n\u0131n Nuno Espirito Santo&#8217;nun yerine aday olarak ortaya \u00e7\u0131kt\u0131\u011f\u0131 arg\u00fcman edildi. 51 ya\u015f\u0131ndaki Nuno, kul\u00fcb\u00fcn lideriyle ya\u015fad\u0131\u011f\u0131 tart\u0131\u015fman\u0131n akabinde City Ground&#8217;da bask\u0131 alt\u0131nda.\u00a0<\/p>\n<p>Haberin ayr\u0131nt\u0131lar\u0131ndan bir ba\u015fka Premier Lig grubu West Ham United&#8217;\u0131n da Mourinho&#8217;yu takip etti\u011fi aktar\u0131ld\u0131. &#8216;West Ham Teknik Y\u00f6neticisi Graham Potter \u00fczerindeki bask\u0131 artarken, Mourinho da bir se\u00e7enek olarak g\u00f6r\u00fclebilir&#8217; tabirleri ile Portekizli \u00e7al\u0131\u015ft\u0131r\u0131c\u0131n\u0131n gelece\u011fine y\u00f6nelik arg\u00fcmanlar ortaya at\u0131ld\u0131.<\/p>\n<p>Mourinho, ge\u00e7ti\u011fimiz ekim ay\u0131nda bir sonraki i\u015finin ne olabilece\u011fi konusunda spek\u00fclasyonlarda bulunmu\u015ftu. Haberde Mourinho&#8217;nun &#8220;Fenerbah\u00e7e&#8217;den ayr\u0131ld\u0131\u011f\u0131mda yapmam gereken en d\u00fczg\u00fcn \u015fey, UEFA kar\u015f\u0131la\u015fmalar\u0131 oynamayan bir kul\u00fcbe gitmektir. Yani \u0130ngiltere&#8217;de ligin taban\u0131ndan rastgele bir kul\u00fcb\u00fcn iki y\u0131l i\u00e7inde teknik y\u00f6neticiye muhta\u00e7l\u0131\u011f\u0131 olursa, ben haz\u0131r\u0131m.&#8221; tabirlerini hat\u0131rlat\u0131l\u0131rken Manchester United taraftarlar\u0131n\u0131n &#8216;geri d\u00f6n&#8217; davetine da yer verildi.<\/p>\n","protected":false},"excerpt":{"rendered":"<p>Fenerbah\u00e7e&#8217;nin yol ayr\u0131m\u0131na gitti\u011fi teknik y\u00f6netici Jose Mourinho&#8217;nun gelece\u011fi \u015fekilleniyor.  Portekizli teknik adam i\u00e7in iki Premier Lig grubu devreye girdi.<\/p>\n","protected":false},"author":1,"featured_media":75000,"comment_status":"open","ping_status":"open","sticky":false,"template":"","format":"standard","meta":{"footnotes":""},"categories":[30],"tags":[1298,1070],"class_list":["post-74999","post","type-post","status-publish","format-standard","has-post-thumbnail","hentry","category-spor","tag-mourinho","tag-teknik"],"_links":{"self":[{"href":"https:\/\/ikimisli.tr\/index.php\/wp-json\/wp\/v2\/posts\/74999","targetHints":{"allow":["GET"]}}],"collection":[{"href":"https:\/\/ikimisli.tr\/index.php\/wp-json\/wp\/v2\/posts"}],"about":[{"href":"https:\/\/ikimisli.tr\/index.php\/wp-json\/wp\/v2\/types\/post"}],"author":[{"embeddable":true,"href":"https:\/\/ikimisli.tr\/index.php\/wp-json\/wp\/v2\/users\/1"}],"replies":[{"embeddable":true,"href":"https:\/\/ikimisli.tr\/index.php\/wp-json\/wp\/v2\/comments?post=74999"}],"version-history":[{"count":1,"href":"https:\/\/ikimisli.tr\/index.php\/wp-json\/wp\/v2\/posts\/74999\/revisions"}],"predecessor-version":[{"id":75001,"href":"https:\/\/ikimisli.tr\/index.php\/wp-json\/wp\/v2\/posts\/74999\/revisions\/75001"}],"wp:featuredmedia":[{"embeddable":true,"href":"https:\/\/ikimisli.tr\/index.php\/wp-json\/wp\/v2\/media\/75000"}],"wp:attachment":[{"href":"https:\/\/ikimisli.tr\/index.php\/wp-json\/wp\/v2\/media?parent=74999"}],"wp:term":[{"taxonomy":"category","embeddable":true,"href":"https:\/\/ikimisli.tr\/index.php\/wp-json\/wp\/v2\/categories?post=74999"},{"taxonomy":"post_tag","embeddable":true,"href":"https:\/\/ikimisli.tr\/index.php\/wp-json\/wp\/v2\/tags?post=74999"}],"curies":[{"name":"wp","href":"https:\/\/api.w.org\/{rel}","templated":true}]}}