{"id":75256,"date":"2025-08-31T00:08:17","date_gmt":"2025-08-31T00:08:17","guid":{"rendered":"https:\/\/ikimisli.tr\/?p=75256"},"modified":"2025-08-31T00:08:17","modified_gmt":"2025-08-31T00:08:17","slug":"altin-fiyatlarinda-sasirtan-tablo-30-agustos-gram-ceyrek-tam-altin-rakamlari","status":"publish","type":"post","link":"https:\/\/ikimisli.tr\/index.php\/2025\/08\/31\/altin-fiyatlarinda-sasirtan-tablo-30-agustos-gram-ceyrek-tam-altin-rakamlari\/","title":{"rendered":"Alt\u0131n fiyatlar\u0131nda \u015fa\u015f\u0131rtan tablo: 30 A\u011fustos gram, \u00e7eyrek, tam alt\u0131n rakamlar\u0131&#8230;"},"content":{"rendered":"<p>Alt\u0131n ve d\u00f6viz kurlar\u0131nda ya\u015fanan dalgalanmalar, piyasalar\u0131 oldu\u011fu kadar yat\u0131r\u0131mc\u0131lar\u0131n kararlar\u0131n\u0131 da etkiliyor. Bilhassa d\u00fc\u011f\u00fcn d\u00f6nemi ve yat\u0131r\u0131m maksatl\u0131 tercih edilen \u00e7eyrek ve gram alt\u0131n fiyatlar\u0131 yak\u0131ndan takip ediliyor. Vatanda\u015flar, \u201cBug\u00fcn alt\u0131n fiyatlar\u0131 ka\u00e7 TL oldu?\u201d sorusunun yan\u0131t\u0131n\u0131 \u00f6\u011frenmek i\u00e7in arama motorlar\u0131na y\u00f6neliyor.<\/p>\n<p><b>30 A\u011eUSTOS 2025 AKT\u00dcEL ALTIN F\u0130YATLARI\u00a0<\/b><\/p>\n<p>Alt\u0131n fiyatlar\u0131 haftan\u0131n son i\u015f g\u00fcn\u00fcnde de yat\u0131r\u0131mc\u0131lar\u0131n oda\u011f\u0131nda yer al\u0131yor. \u0130\u015fte 30 A\u011fustos 2025 Cumartesi g\u00fcn\u00fc sabah saatleri prestijiyle akt\u00fcel alt\u0131n sat\u0131\u015f fiyatlar\u0131:<\/p>\n<p><strong>Gram alt\u0131n sat\u0131\u015f fiyat\u0131:<\/strong> 4.561,39 TL<\/p>\n<p><strong>\u00c7eyrek alt\u0131n sat\u0131\u015f fiyat\u0131: <\/strong>7.466,00 TL<\/p>\n<p><strong>Yar\u0131m alt\u0131n sat\u0131\u015f fiyat\u0131: <\/strong>14.932,00 TL<\/p>\n<p><strong>Tam alt\u0131n sat\u0131\u015f fiyat\u0131:<\/strong> 29.541,45 TL<\/p>\n<p><strong>Cumhuriyet alt\u0131n\u0131 sat\u0131\u015f fiyat\u0131:<\/strong> 29.727,00 TL<\/p>\n<p><strong>Gremse alt\u0131n sat\u0131\u015f fiyat\u0131:<\/strong> 74.080,18 TL<\/p>\n<p><strong>Ons alt\u0131n sat\u0131\u015f fiyat\u0131: <\/strong>3.448,74 Dolar<\/p>\n<p><b>YATIRIMCILARIN G\u00d6ZLER\u0130 ALTIN VE D\u00d6V\u0130ZDE<\/b><\/p>\n<p>Ekonomideki belirsizlikler, alt\u0131n fiyatlar\u0131nda dalgalanmalar\u0131 beraberinde getiriyor. Global piyasalarda ya\u015fanan geli\u015fmeler ve d\u00f6viz kurlar\u0131ndaki de\u011fi\u015fim, alt\u0131n\u0131n seyrini direkt etkiliyor. Bu nedenle yat\u0131r\u0131mc\u0131lar, kararlar\u0131n\u0131 verirken yeni fiyatlar\u0131 anl\u0131k olarak takip etmeye devam ediyor.<\/p>\n<p><b>&#8216;ALTIN F\u0130YATLARINI YAKINDAN TAK\u0130P ETMEK \u00d6NEML\u0130&#8217;<\/b><\/p>\n<p>30 A\u011fustos 2025 tarihi prestijiyle alt\u0131n fiyatlar\u0131nda tablo bu formda \u015fekillendi. Uzmanlar, alt\u0131n yat\u0131r\u0131m\u0131n\u0131n uzun vadede inan\u00e7l\u0131 liman olma \u00f6zelli\u011fini korudu\u011funu hat\u0131rlat\u0131rken, k\u0131sa vadede fiyatlar\u0131n dalgal\u0131 bir seyir izleyebilece\u011fini belirtiyor.<\/p>\n","protected":false},"excerpt":{"rendered":"<p>Yat\u0131r\u0131mc\u0131lar ve alt\u0131n al\u0131m sat\u0131m\u0131 yapacaklar g\u00fcn\u00fcn birinci saatlerinden itibaren \u201cGram, \u00e7eyrek ve yar\u0131m alt\u0131n fiyat\u0131 bug\u00fcn ne kadar oldu?\u201d sorusunun kar\u015f\u0131l\u0131\u011f\u0131n\u0131 ara\u015ft\u0131r\u0131yor. \u0130\u015fte 30 A\u011fustos 2025 Cumartesi g\u00fcn\u00fcne ili\u015fkin \u015fimdiki alt\u0131n fiyatlar\u0131 tablosu&#8230;<\/p>\n","protected":false},"author":1,"featured_media":75257,"comment_status":"open","ping_status":"open","sticky":false,"template":"","format":"standard","meta":{"footnotes":""},"categories":[24],"tags":[782,2660,360],"class_list":["post-75256","post","type-post","status-publish","format-standard","has-post-thumbnail","hentry","category-ekonomi","tag-altin","tag-altin-fiyatlari","tag-yatirim"],"_links":{"self":[{"href":"https:\/\/ikimisli.tr\/index.php\/wp-json\/wp\/v2\/posts\/75256","targetHints":{"allow":["GET"]}}],"collection":[{"href":"https:\/\/ikimisli.tr\/index.php\/wp-json\/wp\/v2\/posts"}],"about":[{"href":"https:\/\/ikimisli.tr\/index.php\/wp-json\/wp\/v2\/types\/post"}],"author":[{"embeddable":true,"href":"https:\/\/ikimisli.tr\/index.php\/wp-json\/wp\/v2\/users\/1"}],"replies":[{"embeddable":true,"href":"https:\/\/ikimisli.tr\/index.php\/wp-json\/wp\/v2\/comments?post=75256"}],"version-history":[{"count":1,"href":"https:\/\/ikimisli.tr\/index.php\/wp-json\/wp\/v2\/posts\/75256\/revisions"}],"predecessor-version":[{"id":75258,"href":"https:\/\/ikimisli.tr\/index.php\/wp-json\/wp\/v2\/posts\/75256\/revisions\/75258"}],"wp:featuredmedia":[{"embeddable":true,"href":"https:\/\/ikimisli.tr\/index.php\/wp-json\/wp\/v2\/media\/75257"}],"wp:attachment":[{"href":"https:\/\/ikimisli.tr\/index.php\/wp-json\/wp\/v2\/media?parent=75256"}],"wp:term":[{"taxonomy":"category","embeddable":true,"href":"https:\/\/ikimisli.tr\/index.php\/wp-json\/wp\/v2\/categories?post=75256"},{"taxonomy":"post_tag","embeddable":true,"href":"https:\/\/ikimisli.tr\/index.php\/wp-json\/wp\/v2\/tags?post=75256"}],"curies":[{"name":"wp","href":"https:\/\/api.w.org\/{rel}","templated":true}]}}