{"id":75329,"date":"2025-08-31T04:08:16","date_gmt":"2025-08-31T04:08:16","guid":{"rendered":"https:\/\/ikimisli.tr\/?p=75329"},"modified":"2025-08-31T04:08:16","modified_gmt":"2025-08-31T04:08:16","slug":"trumpin-gorevden-aldigi-fed-uyesi-cookun-davasinda-kritik-karar-cikmadi","status":"publish","type":"post","link":"https:\/\/ikimisli.tr\/index.php\/2025\/08\/31\/trumpin-gorevden-aldigi-fed-uyesi-cookun-davasinda-kritik-karar-cikmadi\/","title":{"rendered":"Trump\u2019\u0131n g\u00f6revden ald\u0131\u011f\u0131 Fed \u00fcyesi Cook\u2019un davas\u0131nda kritik karar \u00e7\u0131kmad\u0131"},"content":{"rendered":"<p>ABD Merkez Bankas\u0131 (Fed) Y\u00f6netim Kurulu \u00dcyesi Lisa Cook\u2019un, ABD Ba\u015fkan\u0131 Donald Trump\u2019\u0131n kendisini misyondan alma te\u015febb\u00fcs\u00fcne kar\u015f\u0131 a\u00e7t\u0131\u011f\u0131 davan\u0131n birinci duru\u015fmas\u0131nda, misyondan al\u0131nmas\u0131n\u0131n s\u00fcreksiz olarak durdurulmas\u0131 talebine ait karar \u00e7\u0131kmad\u0131.<\/p>\n<p>Washington&#8217;daki federal b\u00f6lge mahkemesinde g\u00f6r\u00fclen duru\u015fmada, Lider Trump&#8217;\u0131n Fed Y\u00f6netim Kurulu \u00dcyesi Cook&#8217;u vazifeden almak i\u00e7in &#8220;hakl\u0131 nedene&#8221; sahip olup olmad\u0131\u011f\u0131 de\u011ferlendirildi.<\/p>\n<p>Yarg\u0131\u00e7 Jia Cobb, yakla\u015f\u0131k iki saat s\u00fcren duru\u015fmada, Cook ve Trump&#8217;\u0131n avukatlar\u0131na sorular y\u00f6neltti.<\/p>\n<p>Ancak duru\u015fma sonunda Cook&#8217;un vazifesinden al\u0131nmas\u0131n\u0131 s\u00fcreksiz olarak durdurma talebine ait karar \u00e7\u0131kmad\u0131.<\/p>\n<p><b>TRUMP, COOK&#8217;U DOLANDIRICILIK TEZ\u0130YLE VAZ\u0130FEDEN ALDI<\/b><\/p>\n<p>ABD Lideri Trump, hafta ba\u015f\u0131nda Fed Y\u00f6netim Kurulu \u00dcyesi Cook&#8217;u &#8220;mortgage kontratlar\u0131nda yanl\u0131\u015f beyanlarda bulundu\u011fu&#8221; gerek\u00e7esiyle misyondan ald\u0131\u011f\u0131n\u0131 a\u00e7\u0131klam\u0131\u015ft\u0131.<\/p>\n<p>Sosyal medya hesab\u0131ndan Cook&#8217;a yazd\u0131\u011f\u0131 mektubu payla\u015fan Trump, mektubunda Fed Maddesi&#8217;nin kendisine verdi\u011fi yetkilere i\u015faret ederek, &#8220;Fed Y\u00f6netim Kurulu \u00fcyeli\u011fi misyonundan derhal al\u0131nm\u0131\u015f bulunmaktas\u0131n\u0131z.&#8221; tabirini kullanm\u0131\u015ft\u0131.<\/p>\n<p>Trump, kelam konusu yasan\u0131n, kendisinin takdirine ba\u011fl\u0131 olarak &#8220;hakl\u0131 neden&#8221; olmas\u0131 halinde bir y\u00f6netim kurulu \u00fcyesinin vazifeden al\u0131nmas\u0131n\u0131 m\u00fcmk\u00fcn k\u0131ld\u0131\u011f\u0131n\u0131 belirterek, Cook&#8217;u misyondan almas\u0131 i\u00e7in k\u00e2fi sebep bulundu\u011funu kaydetmi\u015fti.<\/p>\n<p>Fed Y\u00f6netim Kurulu \u00dcyesi Cook ise Trump&#8217;\u0131n kendisini misyondan alma te\u015febb\u00fcs\u00fcn\u00fc engellemek hedefiyle d\u00fcn dava a\u00e7m\u0131\u015ft\u0131.<\/p>\n<p>Cook&#8217;un avukat\u0131 Abbe Lowell, Trump&#8217;\u0131n Cook&#8217;u vazifeden alma te\u015febb\u00fcs\u00fcn\u00fcn hi\u00e7bir ger\u00e7ek yahut t\u00fcrel deste\u011fi bulunmad\u0131\u011f\u0131n\u0131 savunmu\u015ftu.<\/p>\n","protected":false},"excerpt":{"rendered":"<p>Fed Y\u00f6netim Kurulu \u00dcyesi Lisa Cook\u2019un, Trump\u2019\u0131n misyondan alma karar\u0131na kar\u015f\u0131 a\u00e7t\u0131\u011f\u0131 davada birinci duru\u015fma g\u00f6r\u00fcld\u00fc. Lakin mahkeme, Cook\u2019un misyondan al\u0131nmas\u0131n\u0131 s\u00fcreksiz olarak durdurma talebine ait karar vermedi.<\/p>\n","protected":false},"author":1,"featured_media":75330,"comment_status":"open","ping_status":"open","sticky":false,"template":"","format":"standard","meta":{"footnotes":""},"categories":[43],"tags":[8844,1477,8845,8846],"class_list":["post-75329","post","type-post","status-publish","format-standard","has-post-thumbnail","hentry","category-dunya","tag-cooku","tag-fed","tag-gorevden-alma","tag-yonetim-kurulu-uyesi"],"_links":{"self":[{"href":"https:\/\/ikimisli.tr\/index.php\/wp-json\/wp\/v2\/posts\/75329","targetHints":{"allow":["GET"]}}],"collection":[{"href":"https:\/\/ikimisli.tr\/index.php\/wp-json\/wp\/v2\/posts"}],"about":[{"href":"https:\/\/ikimisli.tr\/index.php\/wp-json\/wp\/v2\/types\/post"}],"author":[{"embeddable":true,"href":"https:\/\/ikimisli.tr\/index.php\/wp-json\/wp\/v2\/users\/1"}],"replies":[{"embeddable":true,"href":"https:\/\/ikimisli.tr\/index.php\/wp-json\/wp\/v2\/comments?post=75329"}],"version-history":[{"count":1,"href":"https:\/\/ikimisli.tr\/index.php\/wp-json\/wp\/v2\/posts\/75329\/revisions"}],"predecessor-version":[{"id":75331,"href":"https:\/\/ikimisli.tr\/index.php\/wp-json\/wp\/v2\/posts\/75329\/revisions\/75331"}],"wp:featuredmedia":[{"embeddable":true,"href":"https:\/\/ikimisli.tr\/index.php\/wp-json\/wp\/v2\/media\/75330"}],"wp:attachment":[{"href":"https:\/\/ikimisli.tr\/index.php\/wp-json\/wp\/v2\/media?parent=75329"}],"wp:term":[{"taxonomy":"category","embeddable":true,"href":"https:\/\/ikimisli.tr\/index.php\/wp-json\/wp\/v2\/categories?post=75329"},{"taxonomy":"post_tag","embeddable":true,"href":"https:\/\/ikimisli.tr\/index.php\/wp-json\/wp\/v2\/tags?post=75329"}],"curies":[{"name":"wp","href":"https:\/\/api.w.org\/{rel}","templated":true}]}}