{"id":75347,"date":"2025-08-31T05:08:15","date_gmt":"2025-08-31T05:08:15","guid":{"rendered":"https:\/\/ikimisli.tr\/?p=75347"},"modified":"2025-08-31T05:08:15","modified_gmt":"2025-08-31T05:08:15","slug":"turkiyede-sayilari-giderek-azaliyor-internet-nedir-bilmeyenlerin-sayisi-aciklandi","status":"publish","type":"post","link":"https:\/\/ikimisli.tr\/index.php\/2025\/08\/31\/turkiyede-sayilari-giderek-azaliyor-internet-nedir-bilmeyenlerin-sayisi-aciklandi\/","title":{"rendered":"T\u00fcrkiye&#8217;de say\u0131lar\u0131 giderek azal\u0131yor! \u0130nternet nedir bilmeyenlerin say\u0131s\u0131 a\u00e7\u0131kland\u0131!"},"content":{"rendered":"<p>T\u00fcrkiye\u2019de internet kullan\u0131m oran\u0131 artmaya devam ederken, hi\u00e7 internet kullanmayanlar\u0131n oran\u0131 2025\u2019te y\u00fczde 9,1\u2019e geriledi. T\u00fcrkiye \u0130statistik Kurumu\u2019nun (T\u00dc\u0130K) \u201cHane Halk\u0131 Bili\u015fim Teknolojileri Kullan\u0131m Ara\u015ft\u0131rmas\u0131-2025\u201d sonu\u00e7lar\u0131na nazaran bu oran, ge\u00e7en y\u0131l y\u00fczde 11,2 d\u00fczeyindeydi. B\u00f6ylelikle birinci defa tek haneli d\u00fczeylere d\u00fc\u015f\u00fc\u015f ya\u015fand\u0131.<\/p>\n<p><b>KULLANIM ORANI Y\u00dcZDE 90&#8217;I GE\u00c7T\u0130<\/b><\/p>\n<p>16-74 ya\u015f k\u00fcmesindeki bireylerde internet kullan\u0131m oran\u0131, 2024\u2019te y\u00fczde 88,8 iken 2025\u2019te y\u00fczde 90,9\u2019a y\u00fckseldi. Teknolojiye eri\u015fimdeki art\u0131\u015fa paralel olarak, \u201chi\u00e7 internet kullanmayanlar\u0131n\u201d oran\u0131 da y\u0131llar i\u00e7inde gerilemeye devam etti.<br \/>Kad\u0131n ve erkekler ortas\u0131ndaki fark dikkat \u00e7ekti. \u0130nternet kullanmayan erkeklerin oran\u0131 y\u00fczde 6,4 olurken, bayanlarda bu oran y\u00fczde 11,8 olarak kay\u0131tlara ge\u00e7ti.<\/p>\n<p><b>10 YILDA \u0130K\u0130 KATINA \u00c7IKTI<\/b><\/p>\n<p>\u0130nternet kullan\u0131m\u0131nda \u0130stanbul y\u00fczde 96,5 ile birinci s\u0131rada yer ald\u0131. Do\u011fu Marmara y\u00fczde 93,4, Bat\u0131 Anadolu ise y\u00fczde 91,8 ile \u00fclke ortalamas\u0131n\u0131n \u00fczerinde \u00e7\u0131kt\u0131.<\/p>\n<p>Ortado\u011fu Anadolu ise y\u00fczde 80,3 ile en d\u00fc\u015f\u00fck kullan\u0131m oran\u0131na sahip b\u00f6lge oldu. Lakin bu b\u00f6lgedeki kullan\u0131m oran\u0131 2015\u2019te y\u00fczde 40,2 d\u00fczeyindeyken, son 10 y\u0131lda iki kat\u0131na \u00e7\u0131kt\u0131. Bat\u0131 Marmara, Ege, Akdeniz, Orta Anadolu, Bat\u0131 Karadeniz, Do\u011fu Karadeniz, Kuzeydo\u011fu Anadolu ve G\u00fcneydo\u011fu Anadolu b\u00f6lgeleri de \u00fclke ortalamas\u0131n\u0131n alt\u0131nda kald\u0131.<\/p>\n<p><b>T\u00dcRK\u0130YE AVRUPA&#8217;DA B\u0130R\u0130NC\u0130\u00a0<\/b><\/p>\n<p>Bilgi Teknolojileri ve \u0130rtibat Kurumu\u2019nun (BTK) bilgilerine nazaran, 2025\u2019in birinci \u00e7eyre\u011finde elektronik haberle\u015fme kesiminde faaliyet g\u00f6steren i\u015fletmecilerin net sat\u0131\u015f gelirleri 127,2 milyar TL\u2019yi a\u015ft\u0131. Ta\u015f\u0131nabilir abone say\u0131s\u0131 95 milyona yakla\u015f\u0131rken, T\u00fcrkiye ortalama ayl\u0131k 455 dakikal\u0131k ta\u015f\u0131nabilir kullan\u0131m m\u00fcddetiyle Avrupa\u2019da birinci s\u0131rada yer ald\u0131. Birebir periyotta yakla\u015f\u0131k 3 milyon abone numaras\u0131n\u0131 ta\u015f\u0131d\u0131.<\/p>\n","protected":false},"excerpt":{"rendered":"<p>T\u00fcrkiye\u2019de internet kullanmayanlar\u0131n oran\u0131 a\u00e7\u0131kland\u0131. Yap\u0131lan ara\u015ft\u0131rma sonucu internet kullanmayanlar\u0131n oran\u0131 birinci sefer tek haneye d\u00fc\u015ft\u00fc.<\/p>\n","protected":false},"author":1,"featured_media":75348,"comment_status":"open","ping_status":"open","sticky":false,"template":"","format":"standard","meta":{"footnotes":""},"categories":[31],"tags":[2827,5267,8848,250,3924],"class_list":["post-75347","post","type-post","status-publish","format-standard","has-post-thumbnail","hentry","category-teknoloji","tag-anadolu","tag-internet","tag-kullanim-orani","tag-oran","tag-orta"],"_links":{"self":[{"href":"https:\/\/ikimisli.tr\/index.php\/wp-json\/wp\/v2\/posts\/75347","targetHints":{"allow":["GET"]}}],"collection":[{"href":"https:\/\/ikimisli.tr\/index.php\/wp-json\/wp\/v2\/posts"}],"about":[{"href":"https:\/\/ikimisli.tr\/index.php\/wp-json\/wp\/v2\/types\/post"}],"author":[{"embeddable":true,"href":"https:\/\/ikimisli.tr\/index.php\/wp-json\/wp\/v2\/users\/1"}],"replies":[{"embeddable":true,"href":"https:\/\/ikimisli.tr\/index.php\/wp-json\/wp\/v2\/comments?post=75347"}],"version-history":[{"count":1,"href":"https:\/\/ikimisli.tr\/index.php\/wp-json\/wp\/v2\/posts\/75347\/revisions"}],"predecessor-version":[{"id":75349,"href":"https:\/\/ikimisli.tr\/index.php\/wp-json\/wp\/v2\/posts\/75347\/revisions\/75349"}],"wp:featuredmedia":[{"embeddable":true,"href":"https:\/\/ikimisli.tr\/index.php\/wp-json\/wp\/v2\/media\/75348"}],"wp:attachment":[{"href":"https:\/\/ikimisli.tr\/index.php\/wp-json\/wp\/v2\/media?parent=75347"}],"wp:term":[{"taxonomy":"category","embeddable":true,"href":"https:\/\/ikimisli.tr\/index.php\/wp-json\/wp\/v2\/categories?post=75347"},{"taxonomy":"post_tag","embeddable":true,"href":"https:\/\/ikimisli.tr\/index.php\/wp-json\/wp\/v2\/tags?post=75347"}],"curies":[{"name":"wp","href":"https:\/\/api.w.org\/{rel}","templated":true}]}}