{"id":75353,"date":"2025-08-31T05:32:16","date_gmt":"2025-08-31T05:32:16","guid":{"rendered":"https:\/\/ikimisli.tr\/?p=75353"},"modified":"2025-08-31T05:32:16","modified_gmt":"2025-08-31T05:32:16","slug":"abdde-yargic-trumpin-hizlandirilmis-sinir-disi-uygulamasini-durdurdu","status":"publish","type":"post","link":"https:\/\/ikimisli.tr\/index.php\/2025\/08\/31\/abdde-yargic-trumpin-hizlandirilmis-sinir-disi-uygulamasini-durdurdu\/","title":{"rendered":"ABD\u2019de yarg\u0131\u00e7, Trump\u2019\u0131n h\u0131zland\u0131r\u0131lm\u0131\u015f s\u0131n\u0131r d\u0131\u015f\u0131 uygulamas\u0131n\u0131 durdurdu"},"content":{"rendered":"<p>ABD B\u00f6lge Yarg\u0131c\u0131 Jia Cobb, Trump idaresinin Ocak ay\u0131nda y\u00fcr\u00fcrl\u00fc\u011fe koydu\u011fu ve milyonlarca g\u00f6\u00e7meni s\u00fcratli hudut d\u0131\u015f\u0131 riskiyle kar\u015f\u0131 kar\u015f\u0131ya b\u0131rakan iki yeni siyasetin uygulanmas\u0131n\u0131 durdurdu.<\/p>\n<p>Yarg\u0131\u00e7, kelam konusu d\u00fczenlemelerin g\u00f6\u00e7menlerin Anayasa\u2019n\u0131n Be\u015finci De\u011fi\u015fikli\u011fi ile garanti alt\u0131na al\u0131nan adil yarg\u0131lanma hakk\u0131n\u0131 ihlal etti\u011fine h\u00fckmetti.<\/p>\n<p><b>HIZLANDIRILMI\u015e HUDUT DI\u015eI YAYGINLA\u015eTIRILMI\u015eTI<\/b><\/p>\n<p>H\u0131zland\u0131r\u0131lm\u0131\u015f hudut d\u0131\u015f\u0131 uygulamas\u0131 yakla\u015f\u0131k 30 y\u0131ld\u0131r hudutta yakalanan g\u00f6\u00e7menler i\u00e7in ge\u00e7erliydi. Lakin Trump idaresi, Ocak ay\u0131nda ald\u0131\u011f\u0131 kararla, ABD\u2019nin rastgele bir yerinde yakalanan ve \u00fclkede iki y\u0131l kald\u0131\u011f\u0131n\u0131 belgeleyemeyen g\u00f6\u00e7menleri de bu kapsama dahil etti.<\/p>\n<p><b>\u201cHAK \u0130HLAL\u0130\u201d VURGUSU<\/b><\/p>\n<p>Yarg\u0131\u00e7 Cobb, sonda yakalanan g\u00f6\u00e7menlerle \u00fclkede uzun m\u00fcddettir ya\u015fayan g\u00f6\u00e7menlerin birebir prosed\u00fcrle de\u011ferlendirilemeyece\u011fini belirtti. Cobb, \u201cOnlar\u0131n \u00fclkede kalmaya dair \u00f6nemli bir \u00f6zg\u00fcrl\u00fck hakk\u0131 vard\u0131r ve bu nedenle Be\u015finci De\u011fi\u015fiklik kapsam\u0131nda adil yarg\u0131lanma s\u00fcreci tan\u0131nmal\u0131d\u0131r\u201d dedi.<\/p>\n<p><b>TRUMP \u0130DARES\u0130 \u0130T\u0130RAZ ETT\u0130<\/b><\/p>\n<p>Trump idaresi, karar\u0131n temyize haz\u0131rlanabilmesi i\u00e7in ertelenmesini talep etse de Yarg\u0131\u00e7 Cobb bu talebi reddetti. \u0130\u00e7 G\u00fcvenlik Bakanl\u0131\u011f\u0131 ise karar\u0131n Trump\u2019\u0131n yasal yetkilerini g\u00f6rmezden geldi\u011fini savunarak, \u201cBa\u015fkan, en tehlikeli bireyleri yakalay\u0131p hudut d\u0131\u015f\u0131 etme yetkisine sahiptir\u201d a\u00e7\u0131klamas\u0131n\u0131 yapt\u0131.<\/p>\n<p><b>ACLU DAVA A\u00c7MI\u015eTI<\/b><\/p>\n<p>Dava, g\u00f6\u00e7men haklar\u0131 k\u00fcmesi Make the Road New York taraf\u0131ndan, Amerikan Sivil \u00d6zg\u00fcrl\u00fckler Birli\u011fi\u2019nin (ACLU) dayana\u011f\u0131yla a\u00e7\u0131lm\u0131\u015ft\u0131. Cobb\u2019un bu ay ba\u015f\u0131nda da, Biden periyodunda uygulamaya al\u0131nan insani programlarla ABD\u2019ye kabul edilen y\u00fcz binlerce g\u00f6\u00e7menin s\u00fcratlice hudut d\u0131\u015f\u0131 edilmesini \u00f6ng\u00f6ren Trump d\u00fczenlemesini engelledi\u011fi hat\u0131rlat\u0131ld\u0131.<\/p>\n","protected":false},"excerpt":{"rendered":"<p>Washington\u2019daki federal mahkeme, Trump idaresinin h\u0131zland\u0131r\u0131lm\u0131\u015f hudut d\u0131\u015f\u0131 uygulamas\u0131n\u0131 geni\u015fletme te\u015febb\u00fcs\u00fcn\u00fc Anayasa\u2019ya muhalif bularak s\u00fcreksiz olarak ask\u0131ya ald\u0131. Kararda g\u00f6\u00e7menlerin anayasal haklar\u0131n\u0131n ihlal edildi\u011fi vurguland\u0131.<\/p>\n","protected":false},"author":1,"featured_media":75354,"comment_status":"open","ping_status":"open","sticky":false,"template":"","format":"standard","meta":{"footnotes":""},"categories":[43],"tags":[4081,3633,131],"class_list":["post-75353","post","type-post","status-publish","format-standard","has-post-thumbnail","hentry","category-dunya","tag-gocmenler","tag-sinir-disi","tag-trump"],"_links":{"self":[{"href":"https:\/\/ikimisli.tr\/index.php\/wp-json\/wp\/v2\/posts\/75353","targetHints":{"allow":["GET"]}}],"collection":[{"href":"https:\/\/ikimisli.tr\/index.php\/wp-json\/wp\/v2\/posts"}],"about":[{"href":"https:\/\/ikimisli.tr\/index.php\/wp-json\/wp\/v2\/types\/post"}],"author":[{"embeddable":true,"href":"https:\/\/ikimisli.tr\/index.php\/wp-json\/wp\/v2\/users\/1"}],"replies":[{"embeddable":true,"href":"https:\/\/ikimisli.tr\/index.php\/wp-json\/wp\/v2\/comments?post=75353"}],"version-history":[{"count":1,"href":"https:\/\/ikimisli.tr\/index.php\/wp-json\/wp\/v2\/posts\/75353\/revisions"}],"predecessor-version":[{"id":75355,"href":"https:\/\/ikimisli.tr\/index.php\/wp-json\/wp\/v2\/posts\/75353\/revisions\/75355"}],"wp:featuredmedia":[{"embeddable":true,"href":"https:\/\/ikimisli.tr\/index.php\/wp-json\/wp\/v2\/media\/75354"}],"wp:attachment":[{"href":"https:\/\/ikimisli.tr\/index.php\/wp-json\/wp\/v2\/media?parent=75353"}],"wp:term":[{"taxonomy":"category","embeddable":true,"href":"https:\/\/ikimisli.tr\/index.php\/wp-json\/wp\/v2\/categories?post=75353"},{"taxonomy":"post_tag","embeddable":true,"href":"https:\/\/ikimisli.tr\/index.php\/wp-json\/wp\/v2\/tags?post=75353"}],"curies":[{"name":"wp","href":"https:\/\/api.w.org\/{rel}","templated":true}]}}