{"id":75366,"date":"2025-08-31T06:08:18","date_gmt":"2025-08-31T06:08:18","guid":{"rendered":"https:\/\/ikimisli.tr\/?p=75366"},"modified":"2025-08-31T06:08:18","modified_gmt":"2025-08-31T06:08:18","slug":"devrim-ozkan-ameliyat-sonrasi-imajini-degistirdi","status":"publish","type":"post","link":"https:\/\/ikimisli.tr\/index.php\/2025\/08\/31\/devrim-ozkan-ameliyat-sonrasi-imajini-degistirdi\/","title":{"rendered":"Devrim \u00d6zkan ameliyat sonras\u0131 imaj\u0131n\u0131 de\u011fi\u015ftirdi"},"content":{"rendered":"<p>Galatasarayl\u0131 futbolcu Lucas Torreira ile oyuncu \u0130htilal \u00d6zkan d\u00f6rd\u00fcnc\u00fc kere ayr\u0131ld\u0131.<\/p>\n<p><img decoding=\"async\" src=\"https:\/\/ikimisli.tr\/wp-content\/uploads\/2025\/08\/devrim-ozkan-ameliyat-sonrasi-imajini-degistirdi-0-gvfkUGKA.jpeg\"\/><\/p>\n<p>3 A\u011fustos&#8217;ta Galatasaray&#8217;\u0131n Lazio ile oynad\u0131\u011f\u0131 haz\u0131rl\u0131k ma\u00e7\u0131ndan sonra bar\u0131\u015fan \u00e7ift, birlikte tatile \u00e7\u0131karak &#8220;a\u015fk yeniden&#8221; dedirtmi\u015fti. Lakin memnunluk k\u0131sa s\u00fcrd\u00fc.<\/p>\n<p>15 g\u00fcn s\u00fcren birlikteli\u011fin akabinde sevgililerin toplumsal medyada birbirlerini takipten \u00e7\u0131kmalar\u0131, ayr\u0131l\u0131k savlar\u0131n\u0131 do\u011frulad\u0131.<\/p>\n<p>Liglerin ba\u015flamas\u0131 ile \u0130stanbul&#8217;a d\u00f6nen Lucas Torreira, grubu ile \u00e7al\u0131\u015fmaya ba\u015flarken, \u0130htilal \u00d6zkan ise hastaneden bir foto\u011fraf\u0131n\u0131 Instagram hesab\u0131ndan payla\u015ft\u0131.<\/p>\n<p><img decoding=\"async\" src=\"https:\/\/ikimisli.tr\/wp-content\/uploads\/2025\/08\/devrim-ozkan-ameliyat-sonrasi-imajini-degistirdi-1-lqdDy8jk.jpeg\"\/><\/p>\n<p>\u00d6zkan ikinci bir b\u00f6brek ameliyat\u0131 oldu\u011funu duyurdu: &#8220;2. ameliyat\u0131 oldum, daha \u00e2l\u00e2 olaca\u011f\u0131m. Kendime yeni geliyorum, a\u011fr\u0131m var lakin \u00e2l\u00e2 hissediyorum. S\u0131hhatinize dikkat edin, bilhassa b\u00f6breklere!&#8221;<\/p>\n<p>Ameliyat olduktan sonra birinci defa evvelki ak\u015fam d\u0131\u015far\u0131 \u00e7\u0131kan oyuncu, arkada\u015f\u0131n\u0131n do\u011fum g\u00fcn\u00fc partisine kat\u0131ld\u0131 ve Instagram&#8217;dan payla\u015f\u0131mlar yapt\u0131.<\/p>\n<p><img decoding=\"async\" src=\"https:\/\/ikimisli.tr\/wp-content\/uploads\/2025\/08\/devrim-ozkan-ameliyat-sonrasi-imajini-degistirdi-2-7ZyfMV5H.jpeg\"\/><\/p>\n<p>Devrim \u00d6zkan&#8217;\u0131n sa\u00e7lar\u0131nda de\u011fi\u015fikli\u011fe gitti\u011fi ve \u00f6n k\u0131sm\u0131n\u0131 sar\u0131ya boyatt\u0131\u011f\u0131 g\u00f6r\u00fcld\u00fc.<\/p>\n<p>\u00d6zkan, s\u0131hhat durumuyla ilgili de &#8220;\u0130yile\u015fildi \u00fczere, s\u0131hhatinize \u00e7ok dikkat edin&#8221; s\u00f6zlerini kulland\u0131.<\/p>\n<p><img decoding=\"async\" src=\"https:\/\/ikimisli.tr\/wp-content\/uploads\/2025\/08\/devrim-ozkan-ameliyat-sonrasi-imajini-degistirdi-3-kaFkg9UH.jpeg\"\/><\/p>\n","protected":false},"excerpt":{"rendered":"<p>Lucas Torreira&#8217;dan tekrar ayr\u0131lan \u0130htilal \u00d6zkan, ge\u00e7en g\u00fcnlerde ameliyat oldu\u011funu a\u00e7\u0131klam\u0131\u015ft\u0131.  \u00d6zkan, s\u0131hhatine kavu\u015funca imaj tazeledi.<\/p>\n","protected":false},"author":1,"featured_media":75367,"comment_status":"open","ping_status":"open","sticky":false,"template":"","format":"standard","meta":{"footnotes":""},"categories":[27],"tags":[1154],"class_list":["post-75366","post","type-post","status-publish","format-standard","has-post-thumbnail","hentry","category-magazin","tag-ozkan"],"_links":{"self":[{"href":"https:\/\/ikimisli.tr\/index.php\/wp-json\/wp\/v2\/posts\/75366","targetHints":{"allow":["GET"]}}],"collection":[{"href":"https:\/\/ikimisli.tr\/index.php\/wp-json\/wp\/v2\/posts"}],"about":[{"href":"https:\/\/ikimisli.tr\/index.php\/wp-json\/wp\/v2\/types\/post"}],"author":[{"embeddable":true,"href":"https:\/\/ikimisli.tr\/index.php\/wp-json\/wp\/v2\/users\/1"}],"replies":[{"embeddable":true,"href":"https:\/\/ikimisli.tr\/index.php\/wp-json\/wp\/v2\/comments?post=75366"}],"version-history":[{"count":1,"href":"https:\/\/ikimisli.tr\/index.php\/wp-json\/wp\/v2\/posts\/75366\/revisions"}],"predecessor-version":[{"id":75372,"href":"https:\/\/ikimisli.tr\/index.php\/wp-json\/wp\/v2\/posts\/75366\/revisions\/75372"}],"wp:featuredmedia":[{"embeddable":true,"href":"https:\/\/ikimisli.tr\/index.php\/wp-json\/wp\/v2\/media\/75367"}],"wp:attachment":[{"href":"https:\/\/ikimisli.tr\/index.php\/wp-json\/wp\/v2\/media?parent=75366"}],"wp:term":[{"taxonomy":"category","embeddable":true,"href":"https:\/\/ikimisli.tr\/index.php\/wp-json\/wp\/v2\/categories?post=75366"},{"taxonomy":"post_tag","embeddable":true,"href":"https:\/\/ikimisli.tr\/index.php\/wp-json\/wp\/v2\/tags?post=75366"}],"curies":[{"name":"wp","href":"https:\/\/api.w.org\/{rel}","templated":true}]}}