{"id":75585,"date":"2025-08-31T18:08:15","date_gmt":"2025-08-31T18:08:15","guid":{"rendered":"https:\/\/ikimisli.tr\/?p=75585"},"modified":"2025-08-31T18:08:15","modified_gmt":"2025-08-31T18:08:15","slug":"tom-barrack-agzindaki-baklayi-cikardi-ypg-muttefikimiz-oldu","status":"publish","type":"post","link":"https:\/\/ikimisli.tr\/index.php\/2025\/08\/31\/tom-barrack-agzindaki-baklayi-cikardi-ypg-muttefikimiz-oldu\/","title":{"rendered":"Tom Barrack a\u011fz\u0131ndaki baklay\u0131 \u00e7\u0131kard\u0131: &#8216;YPG m\u00fcttefikimiz oldu&#8217;"},"content":{"rendered":"<p>ABD\u2019nin Ankara B\u00fcy\u00fckel\u00e7isi ve Suriye \u00d6zel Temsilcisi Tom Barrack, ABD&#8217;nin PKK\u2019y\u0131 yabanc\u0131 ter\u00f6r \u00f6rg\u00fct\u00fc olarak tan\u0131maya devam etti\u011fini vurgularken, Suriye\u2019de I\u015e\u0130D\u2019e kar\u015f\u0131 u\u011fra\u015f veren YPG ve SDG i\u00e7in \u201cm\u00fcttefik\u201d tabirini kulland\u0131.<\/p>\n<p>&#8220;T\u00fcrkiye, Suriye\u2019nin bir m\u00fcttefiki. PKK\u2019ye sahipler, ki bu T\u00fcrkiye\u2019de yabanc\u0131 ter\u00f6r \u00f6rg\u00fct\u00fc olarak tan\u0131mland\u0131. ABD de PKK\u2019y\u0131 ter\u00f6r \u00f6rg\u00fct\u00fc olarak ilan etti. Fakat art\u0131k PKK ile ba\u011flant\u0131s\u0131 olmayan \u00f6teki bir yap\u0131 var: SDG ve YPG. Bunlar I\u015e\u0130D aksisi u\u011fra\u015fta bizim m\u00fcttefikimiz oldu. Evet, k\u00f6kenleri PKK\u2019ye dayan\u0131yordu lakin bug\u00fcn durum farkl\u0131.\u201d<\/p>\n<p><b>&#8216;T\u00dcRK\u0130YE ABD&#8217;N\u0130N SA\u011eLAM DOSTU&#8217;<\/b><\/p>\n<p>Ankara ile ba\u011flardaki stratejik boyuta da dikkat \u00e7eken Barrack, T\u00fcrkiye\u2019nin NATO i\u00e7indeki de\u011ferine ve ABD ile olan uzun vadeli m\u00fcttefikli\u011fine i\u015faret etti:<\/p>\n<p>\u201cT\u00fcrkiye, NATO\u2019ya en b\u00fcy\u00fck ikinci katk\u0131y\u0131 yapan \u00fclke. ABD i\u00e7in sa\u011flam ve vazge\u00e7ilmez bir dost. Lakin birden fazla vakit yanl\u0131\u015f anla\u015f\u0131l\u0131yor.\u201d<\/p>\n<p>Barrack, T\u00fcrkiye&#8217;nin K\u00fcrt sorunu ba\u011flam\u0131nda verdi\u011fi \u00e7aban\u0131n, Arap olmayan bir halk\u0131n ba\u011f\u0131ms\u0131zl\u0131k aray\u0131\u015f\u0131na dayand\u0131\u011f\u0131n\u0131 belirtti.<\/p>\n<p><b>&#8216;YPG \u0130LE D\u0130YALOG S\u00dcRMEL\u0130&#8217;<\/b><\/p>\n<p>Barrack, YPG\u2019nin lideri Mazlum Abdi ile T\u00fcrkiye ortas\u0131nda s\u00fcrd\u00fcr\u00fclen dolayl\u0131 temaslar\u0131n \u00f6nemine de\u011finerek \u015fu s\u00f6zleri kulland\u0131:<\/p>\n<p>\u201cMazlum Abdi\u2019nin temsil etti\u011fi SDG ile Cumhurba\u015fkan\u0131 Erdo\u011fan\u2019\u0131n tak\u0131m\u0131 bilhassa Hakan Fidan ve \u0130brahim Kal\u0131n s\u00fcreci sorumlu bi\u00e7imde y\u00fcr\u00fct\u00fcyor. Bu diyalo\u011fun artarak devam etmesi gerekiyor.\u201d<\/p>\n<p>B\u00f6lgedeki \u00f6rg\u00fctlere dair kamuoyunda tart\u0131\u015f\u0131lan k\u0131saltmalar hakk\u0131nda y\u00f6neltilen soruya Barrack esprili bir lisanla kar\u015f\u0131l\u0131k verdi:<\/p>\n<p>\u201cHer \u00fc\u00e7 harfli yap\u0131 benden nefret ediyor. Bu y\u00fczden art\u0131k d\u00f6rt harflilere y\u00f6neliyorum,\u201d diyerek gergin atmosferi yumu\u015fatmaya \u00e7al\u0131\u015ft\u0131.<\/p>\n","protected":false},"excerpt":{"rendered":"<p>ABD\u2019nin Ankara B\u00fcy\u00fckel\u00e7isi ve Suriye \u00d6zel Temsilcisi Tom Barrack, X platformunda Mario Nawfal\u2019e verdi\u011fi r\u00f6portajda, Washington\u2019un Ortado\u011fu siyasetlerine, T\u00fcrkiye ile alakalar\u0131na ve Suriye\u2019deki geli\u015fmelere ait dikkat \u00e7eken a\u00e7\u0131klamalarda bulundu. Barrack Suriye\u2019de I\u015e\u0130D\u2019e kar\u015f\u0131 gayret veren YPG ve SDG i\u00e7in \u201cm\u00fcttefik\u201d dedi<\/p>\n","protected":false},"author":1,"featured_media":75586,"comment_status":"open","ping_status":"open","sticky":false,"template":"","format":"standard","meta":{"footnotes":""},"categories":[43],"tags":[82,7572,1014,113],"class_list":["post-75585","post","type-post","status-publish","format-standard","has-post-thumbnail","hentry","category-dunya","tag-abd","tag-barrack","tag-pkk","tag-turkiye"],"_links":{"self":[{"href":"https:\/\/ikimisli.tr\/index.php\/wp-json\/wp\/v2\/posts\/75585","targetHints":{"allow":["GET"]}}],"collection":[{"href":"https:\/\/ikimisli.tr\/index.php\/wp-json\/wp\/v2\/posts"}],"about":[{"href":"https:\/\/ikimisli.tr\/index.php\/wp-json\/wp\/v2\/types\/post"}],"author":[{"embeddable":true,"href":"https:\/\/ikimisli.tr\/index.php\/wp-json\/wp\/v2\/users\/1"}],"replies":[{"embeddable":true,"href":"https:\/\/ikimisli.tr\/index.php\/wp-json\/wp\/v2\/comments?post=75585"}],"version-history":[{"count":1,"href":"https:\/\/ikimisli.tr\/index.php\/wp-json\/wp\/v2\/posts\/75585\/revisions"}],"predecessor-version":[{"id":75587,"href":"https:\/\/ikimisli.tr\/index.php\/wp-json\/wp\/v2\/posts\/75585\/revisions\/75587"}],"wp:featuredmedia":[{"embeddable":true,"href":"https:\/\/ikimisli.tr\/index.php\/wp-json\/wp\/v2\/media\/75586"}],"wp:attachment":[{"href":"https:\/\/ikimisli.tr\/index.php\/wp-json\/wp\/v2\/media?parent=75585"}],"wp:term":[{"taxonomy":"category","embeddable":true,"href":"https:\/\/ikimisli.tr\/index.php\/wp-json\/wp\/v2\/categories?post=75585"},{"taxonomy":"post_tag","embeddable":true,"href":"https:\/\/ikimisli.tr\/index.php\/wp-json\/wp\/v2\/tags?post=75585"}],"curies":[{"name":"wp","href":"https:\/\/api.w.org\/{rel}","templated":true}]}}