{"id":75983,"date":"2025-09-01T16:08:14","date_gmt":"2025-09-01T16:08:14","guid":{"rendered":"https:\/\/ikimisli.tr\/?p=75983"},"modified":"2025-09-01T16:08:14","modified_gmt":"2025-09-01T16:08:14","slug":"sehri-ayaga-kaldiran-olay-anne-babasini-dovdu-5-araca-carpip-1-kisiyi-rehin-aldi","status":"publish","type":"post","link":"https:\/\/ikimisli.tr\/index.php\/2025\/09\/01\/sehri-ayaga-kaldiran-olay-anne-babasini-dovdu-5-araca-carpip-1-kisiyi-rehin-aldi\/","title":{"rendered":"\u015eehri aya\u011fa kald\u0131ran olay! Anne babas\u0131n\u0131 d\u00f6vd\u00fc, 5 araca \u00e7arp\u0131p 1 ki\u015fiyi rehin ald\u0131"},"content":{"rendered":"<p>Olay, Antakya-Yaylada\u011f\u0131 kara yolunda meydana geldi. Arabas\u0131yla kent merkezi taraf\u0131nda ilerleyen A.G. ile ara\u00e7taki annesi B.G. ve babas\u0131 H.G. ortas\u0131nda bilinmeyen nedenle tart\u0131\u015fma \u00e7\u0131kt\u0131.<\/p>\n<p><img decoding=\"async\" src=\"https:\/\/ikimisli.tr\/wp-content\/uploads\/2025\/09\/sehri-ayaga-kaldiran-olay-anne-babasini-dovdu-5-araca-carpip-1-kisiyi-rehin-aldi-A2tq27eT.jpg\"\/><\/p>\n<p><b>\u00d6NCE ANNE-BABASINI DARBETT\u0130<\/b><\/p>\n<p>Psikolojik problemleri oldu\u011fu tez edilen A.G., anne ve babas\u0131n\u0131 darbettikten sonra arabas\u0131ndan indirdi. \u0130hbarla olay yerine polis ve s\u0131hhat tak\u0131mlar\u0131 sevk edildi. S\u0131hhat tak\u0131mlar\u0131, B.G. ve H.G.&#8217;yi birinci m\u00fcdahalenin akabinde ambulansla hastaneye kald\u0131rd\u0131.<\/p>\n<p><img decoding=\"async\" src=\"https:\/\/ikimisli.tr\/wp-content\/uploads\/2025\/09\/sehri-ayaga-kaldiran-olay-anne-babasini-dovdu-5-araca-carpip-1-kisiyi-rehin-aldi-vav2vwDO.jpg\"\/><\/p>\n<p><b>5 ARACA \u00c7ARPTI, 1 K\u0130\u015e\u0130Y\u0130 REH\u0130N ALDI<\/b><\/p>\n<p>\u015e\u00fcphelinin kulland\u0131\u011f\u0131 arabas\u0131 takibe alan gruplar, Defne il\u00e7esindeki uygulama noktas\u0131nda &#8216;dur&#8217; ihtar\u0131nda bulundu. \u0130htara uymayan A.G., ka\u00e7t\u0131\u011f\u0131 arabas\u0131yla 5 araca \u00e7arp\u0131p, hasar verdikten sonra durdu. Ara\u00e7tan inip ko\u015farak ka\u00e7maya \u00e7al\u0131\u015fan A.G., yoldan ge\u00e7en bir di\u011fer arabas\u0131 durdurup, \u015fof\u00f6r\u00fc S.G.&#8217;yi rehin ald\u0131.<\/p>\n<p><img decoding=\"async\" src=\"https:\/\/ikimisli.tr\/wp-content\/uploads\/2025\/09\/sehri-ayaga-kaldiran-olay-anne-babasini-dovdu-5-araca-carpip-1-kisiyi-rehin-aldi-3RQBTsfa.jpg\"\/><\/p>\n<p><b>POL\u0130S ETRAFINI SARDI, G\u00d6ZALTINA ALDI<\/b><\/p>\n<p>\u015e\u00fcpheli, bir m\u00fcddet sonra etraf\u0131n\u0131 saran polis tak\u0131mlar\u0131 taraf\u0131ndan g\u00f6zalt\u0131na al\u0131nd\u0131. A.G. sorgulanmak \u00fczere emniyete g\u00f6t\u00fcr\u00fcld\u00fc. Olayda yara almayan S.G. ile hastanede tedavisi s\u00fcren yaral\u0131 B.G. ve H.G.&#8217;nin s\u0131hhat durumlar\u0131n\u0131n g\u00fczel oldu\u011fu belirtildi. <\/p>\n","protected":false},"excerpt":{"rendered":"<p>Hatay&#8217;da anne ve babas\u0131n\u0131 darbedip, arabas\u0131yla 5 araca \u00e7arpt\u0131ktan sonra polisten ka\u00e7abilmek i\u00e7in di\u011fer bir araba \u015fof\u00f6r\u00fcn\u00fc rehin alan A.G. polisin a\u011f\u0131r \u00e7al\u0131\u015fmas\u0131 sonras\u0131 yakalan\u0131p g\u00f6zalt\u0131na al\u0131nd\u0131.<\/p>\n","protected":false},"author":1,"featured_media":75984,"comment_status":"open","ping_status":"open","sticky":false,"template":"","format":"standard","meta":{"footnotes":""},"categories":[25],"tags":[6299],"class_list":["post-75983","post","type-post","status-publish","format-standard","has-post-thumbnail","hentry","category-gundem","tag-otomobili"],"_links":{"self":[{"href":"https:\/\/ikimisli.tr\/index.php\/wp-json\/wp\/v2\/posts\/75983","targetHints":{"allow":["GET"]}}],"collection":[{"href":"https:\/\/ikimisli.tr\/index.php\/wp-json\/wp\/v2\/posts"}],"about":[{"href":"https:\/\/ikimisli.tr\/index.php\/wp-json\/wp\/v2\/types\/post"}],"author":[{"embeddable":true,"href":"https:\/\/ikimisli.tr\/index.php\/wp-json\/wp\/v2\/users\/1"}],"replies":[{"embeddable":true,"href":"https:\/\/ikimisli.tr\/index.php\/wp-json\/wp\/v2\/comments?post=75983"}],"version-history":[{"count":1,"href":"https:\/\/ikimisli.tr\/index.php\/wp-json\/wp\/v2\/posts\/75983\/revisions"}],"predecessor-version":[{"id":75988,"href":"https:\/\/ikimisli.tr\/index.php\/wp-json\/wp\/v2\/posts\/75983\/revisions\/75988"}],"wp:featuredmedia":[{"embeddable":true,"href":"https:\/\/ikimisli.tr\/index.php\/wp-json\/wp\/v2\/media\/75984"}],"wp:attachment":[{"href":"https:\/\/ikimisli.tr\/index.php\/wp-json\/wp\/v2\/media?parent=75983"}],"wp:term":[{"taxonomy":"category","embeddable":true,"href":"https:\/\/ikimisli.tr\/index.php\/wp-json\/wp\/v2\/categories?post=75983"},{"taxonomy":"post_tag","embeddable":true,"href":"https:\/\/ikimisli.tr\/index.php\/wp-json\/wp\/v2\/tags?post=75983"}],"curies":[{"name":"wp","href":"https:\/\/api.w.org\/{rel}","templated":true}]}}