{"id":76078,"date":"2025-09-01T21:20:14","date_gmt":"2025-09-01T21:20:14","guid":{"rendered":"https:\/\/ikimisli.tr\/?p=76078"},"modified":"2025-09-01T21:20:14","modified_gmt":"2025-09-01T21:20:14","slug":"aktas-chpden-88-akpden-ise-300-ihale-aldi-neden-sorusturulmuyor","status":"publish","type":"post","link":"https:\/\/ikimisli.tr\/index.php\/2025\/09\/01\/aktas-chpden-88-akpden-ise-300-ihale-aldi-neden-sorusturulmuyor\/","title":{"rendered":"Akta\u015f CHP\u2019den 88, AKP\u2019den ise 300  ihale ald\u0131, neden soru\u015fturulmuyor?"},"content":{"rendered":"<p>CHP Genel Lideri \u00d6zg\u00fcr \u00d6zel, Adalet Bakan\u0131 Y\u0131lmaz Tun\u00e7\u2019un yan\u0131tlamas\u0131 istemiyle Meclis\u2019e yaz\u0131l\u0131 soru \u00f6nergesi verdi. \u201cT\u00fcrkiye\u2019de iktidara yak\u0131n olanlara farkl\u0131, ba\u015fka vatanda\u015flara farkl\u0131 uygulanan, ikili hukuk sistemi mi i\u015fletilmektedir\u201d diye soran \u00d6zel, 7 soruya 15 g\u00fcnl\u00fck Anayasal m\u00fcddeti i\u00e7inde kar\u015f\u0131l\u0131k istedi.<\/p>\n<p>\u00d6zel, 19 Mart 2025 tarihinde ba\u015flayan Ekrem \u0130mamo\u011flu ile \u00e7ok say\u0131da belediye liderine uzanan operasyonlar\u0131 demokrasiyi maksat alan sivil darbe te\u015febb\u00fcs\u00fc olarak nitelendirdi. Soru\u015fturma etab\u0131ndaki hukuka kar\u015f\u0131t uygulamalar\u0131 hat\u0131rlatan ve 163 g\u00fcn ge\u00e7mesine kar\u015f\u0131n iddianamenin yaz\u0131lmamas\u0131n\u0131 ele\u015ftiren \u00d6zel, \u015fu sorular\u0131 y\u00f6neltti:<\/p>\n<p><img decoding=\"async\" src=\"https:\/\/ikimisli.tr\/wp-content\/uploads\/2025\/09\/aktas-chpden-88-akpden-ise-300-ihale-aldi-neden-sorusturulmuyor-0-QMsY34Jt.jpg\"\/><\/p>\n<p><strong>\u0130K\u0130 BA\u015eKA HUKUK MU VAR<\/strong><\/p>\n<p>1-\u0130BB soru\u015fturmalar\u0131 kapsam\u0131nda 6 avukat, avukatl\u0131k fiilleriyle su\u00e7lanm\u0131\u015f, Adalet Bakanl\u0131\u011f\u0131 m\u00fcsaadesi olmadan haklar\u0131nda soru\u015fturma a\u00e7\u0131lm\u0131\u015f, g\u00f6zalt\u0131 s\u00fcre\u00e7leri yap\u0131lm\u0131\u015f, Avukat Mehmet Pehlivan ise tutuklanm\u0131\u015ft\u0131r. Lakin bir tutukluya gidip 2 milyon dolar talep eden eski AKP MKYK \u00fcyesi Avukat M\u00fccahit Birinci hakk\u0131nda ise Bakanl\u0131ktan m\u00fcsaade istenmi\u015ftir. Bu iki durum ortas\u0131ndaki fark\u0131n sebebi nedir? T\u00fcrkiye\u2019de iktidara yak\u0131n olanlara farkl\u0131, \u00f6b\u00fcr vatanda\u015flara farkl\u0131 s\u00fcre\u00e7 uygulanan, ikili hukuk sistemi mi i\u015fletilmektedir?<\/p>\n<p>2- Avukat Mehmet Pehlivan, savc\u0131l\u0131k taraf\u0131ndan \u00e7a\u011fr\u0131lmas\u0131 \u00fczerine tabir vermeye gitmi\u015f lakin, \u201cka\u00e7ma \u015f\u00fcphesi\u201d teziyle tutuklanm\u0131\u015ft\u0131r. Buna ra\u011fmen yurt d\u0131\u015f\u0131na ka\u00e7arken yakalanan Avukat Mehmet Y\u0131ld\u0131r\u0131m ev hapsine al\u0131nm\u0131\u015ft\u0131r. Kendi aya\u011f\u0131yla adliyeye gelen Mehmet Pehlivan tutuklan\u0131rken, Mehmet Y\u0131ld\u0131r\u0131m\u2019\u0131n tutuklanmamas\u0131n\u0131n m\u00fcnasebeti nedir? T\u00fcrkiye\u2019de iktidara yak\u0131n olanlara farkl\u0131, ba\u015fka vatanda\u015flara farkl\u0131 uygulanan, ikili hukuk sistemi mi i\u015fletilmektedir?<\/p>\n<p>3- T\u00fcm bu somut olaylar ortadayken, T\u00fcrkiye\u2019de yarg\u0131ya inan\u00e7 pek \u00e7ok ara\u015ft\u0131rmada y\u00fczde 20\u2019nin alt\u0131na gerilemi\u015fken, Adalet Bakan\u0131 olarak millete kar\u015f\u0131 sorumluluk hissediyor musunuz, ya\u015fananlardan rahats\u0131zl\u0131k duyuyor musunuz?\u201d<\/p>\n<p>4- Evvelki periyot milletvekili Say\u0131n Aykut Erdo\u011fdu, milletvekiliyken i\u015fledi\u011fi sav edilen kabahatten \u00f6t\u00fcr\u00fc tutukludur. CMK 161\u2019e nazaran, TBMM \u00fcyeleri hakk\u0131nda misyonlar\u0131 m\u00fchletince i\u015fledikleri hatalarla ilgili soru\u015fturma Ankara Cumhuriyet Ba\u015fsavc\u0131l\u0131\u011f\u0131 taraf\u0131ndan yap\u0131labilir. Buna kar\u015f\u0131n Aykut Erdo\u011fdu hakk\u0131nda \u0130stanbul Cumhuriyet Ba\u015fsavc\u0131l\u0131\u011f\u0131\u2019n\u0131n soru\u015fturma y\u00fcr\u00fcterek hukukun \u00e7i\u011fnenmesine neden sessiz kal\u0131yorsunuz?<\/p>\n<p><img decoding=\"async\" src=\"https:\/\/ikimisli.tr\/wp-content\/uploads\/2025\/09\/aktas-chpden-88-akpden-ise-300-ihale-aldi-neden-sorusturulmuyor-1-fK1jWUEH.jpg\"\/><\/p>\n<p><strong>134 BELGE TESL\u0130M ED\u0130LD\u0130<\/strong><\/p>\n<p>5- Adalet ve Kalk\u0131nma Partili belediye liderlerine y\u00f6nelik olarak, \u0130stanbul B\u00fcy\u00fck\u015fehir Belediyesi\u2019nce 37, Ankara B\u00fcy\u00fck\u015fehir Belediyesi\u2019nce 97 yolsuzluk evrak\u0131 haz\u0131rlanm\u0131\u015f, tamam\u0131 savc\u0131l\u0131klara teslim edilmi\u015ftir. Ancak \u0130\u00e7i\u015fleri Bakanl\u0131\u011f\u0131 bu dosyalara el koymu\u015f, hi\u00e7bir soru\u015fturma y\u00fcr\u00fct\u00fclmemi\u015ftir. Yarg\u0131 ba\u011f\u0131ms\u0131z ve tarafs\u0131z ise AKP\u2019li belediyeler hakk\u0131ndaki savlara ait neden S\u00fcre\u00e7 yap\u0131lmaktad\u0131r?<\/p>\n<p><b><span>Savc\u0131lar i\u00e7in ni\u00e7in harekete ge\u00e7ilmiyor?<\/span><\/b><\/p>\n<p>6- Bir savc\u0131n\u0131n faili me\u00e7hul cinayetlerin simgesi olan Beyaz Toros foto\u011fraf\u0131 payla\u015fmas\u0131ndan, tutuklular\u0131n aileleriyle tehdit edilerek \u201citiraf\u00e7\u0131\u201d olmaya zorlanmas\u0131na, savc\u0131larla irtibatl\u0131 oldu\u011funu s\u00f6yleyen avukatlar\u0131n tahliye vadetti\u011fi tutuklulardan r\u00fc\u015fvet istemesinden, \u201citiraf\u00e7\u0131\u201d olmay\u0131 reddeden tutuklular\u0131n en uzak cezaevlerine s\u00fcr\u00fclmesine kadar t\u00fcm tezleri evraklar\u0131yla HSK\u2019ya sunduk. Yetkili olman\u0131za kar\u015f\u0131n HSK\u2019y\u0131 neden toplant\u0131ya \u00e7a\u011f\u0131rm\u0131yorsunuz?<\/p>\n<p><b><span>Neden yaln\u0131zca CHP\u2019li belediyeler?<\/span><\/b><\/p>\n<p>7- Su\u00e7 \u00f6rg\u00fct\u00fc lideri oldu\u011fu iddias\u0131yla tutuklanan, daha sonra itiraf\u00e7\u0131 oldu\u011fu gerek\u00e7esiyle h\u00fcr b\u0131rak\u0131lan Aziz \u0130hsan Akta\u015f; \u00e7ok say\u0131da devlet kurumundan ve Trabzon, Kocaeli, Kahramanmara\u015f, Ordu, Elaz\u0131\u011f, Isparta ba\u015fta olmak \u00fczere \u00e7ok say\u0131da AKP\u2019li belediyeden ihale alm\u0131\u015ft\u0131r. CHP\u2019li belediyelerden 88 ihale alan bu ki\u015fi AKP\u2019li belediyelerden toplam 300 ihale alm\u0131\u015ft\u0131r. Lakin bu ki\u015finin beyanlar\u0131yla soru\u015fturma ge\u00e7iren, g\u00f6zalt\u0131na al\u0131nan ve tutuklananlar yaln\u0131zca CHP\u2019li belediye liderleridir. \u015eayet T\u00fcrkiye bir hukuk devletiyse, emel hukuku i\u015fletmekse, bu ki\u015finin ihale ald\u0131\u011f\u0131 \u00f6b\u00fcr belediyeler hakk\u0131nda neden soru\u015fturma a\u00e7\u0131lmamaktad\u0131r? T\u00fcrkiye\u2019de iktidara yak\u0131n olana farkl\u0131, vatanda\u015flara farkl\u0131 uygulanan ikili hukuk sistemi mi i\u015fletilmektedir?<\/p>\n","protected":false},"excerpt":{"rendered":"<p>\u00d6zg\u00fcr \u00d6zel, \u0130BB\u2019ye y\u00f6nelik operasyon ve soru\u015fturmalar\u0131 Meclis g\u00fcndemine ta\u015f\u0131d\u0131. \u00d6zel,<br \/>\nAdalet Bakan\u0131\u2019n\u0131n yan\u0131tlamas\u0131 istemiyle Meclis\u2019e 7 soruluk \u00f6nerge verdi, 15 g\u00fcnde kar\u015f\u0131l\u0131k istedi.<\/p>\n","protected":false},"author":1,"featured_media":76079,"comment_status":"open","ping_status":"open","sticky":false,"template":"","format":"standard","meta":{"footnotes":""},"categories":[25],"tags":[793,40,999,302,425],"class_list":["post-76078","post","type-post","status-publish","format-standard","has-post-thumbnail","hentry","category-gundem","tag-avukat","tag-belediye","tag-farkli","tag-hukuk","tag-soru"],"_links":{"self":[{"href":"https:\/\/ikimisli.tr\/index.php\/wp-json\/wp\/v2\/posts\/76078","targetHints":{"allow":["GET"]}}],"collection":[{"href":"https:\/\/ikimisli.tr\/index.php\/wp-json\/wp\/v2\/posts"}],"about":[{"href":"https:\/\/ikimisli.tr\/index.php\/wp-json\/wp\/v2\/types\/post"}],"author":[{"embeddable":true,"href":"https:\/\/ikimisli.tr\/index.php\/wp-json\/wp\/v2\/users\/1"}],"replies":[{"embeddable":true,"href":"https:\/\/ikimisli.tr\/index.php\/wp-json\/wp\/v2\/comments?post=76078"}],"version-history":[{"count":1,"href":"https:\/\/ikimisli.tr\/index.php\/wp-json\/wp\/v2\/posts\/76078\/revisions"}],"predecessor-version":[{"id":76082,"href":"https:\/\/ikimisli.tr\/index.php\/wp-json\/wp\/v2\/posts\/76078\/revisions\/76082"}],"wp:featuredmedia":[{"embeddable":true,"href":"https:\/\/ikimisli.tr\/index.php\/wp-json\/wp\/v2\/media\/76079"}],"wp:attachment":[{"href":"https:\/\/ikimisli.tr\/index.php\/wp-json\/wp\/v2\/media?parent=76078"}],"wp:term":[{"taxonomy":"category","embeddable":true,"href":"https:\/\/ikimisli.tr\/index.php\/wp-json\/wp\/v2\/categories?post=76078"},{"taxonomy":"post_tag","embeddable":true,"href":"https:\/\/ikimisli.tr\/index.php\/wp-json\/wp\/v2\/tags?post=76078"}],"curies":[{"name":"wp","href":"https:\/\/api.w.org\/{rel}","templated":true}]}}