{"id":76097,"date":"2025-09-01T22:20:13","date_gmt":"2025-09-01T22:20:13","guid":{"rendered":"https:\/\/ikimisli.tr\/?p=76097"},"modified":"2025-09-01T22:20:13","modified_gmt":"2025-09-01T22:20:13","slug":"938-gun-gecti-ama-hatay-hala-enkaz","status":"publish","type":"post","link":"https:\/\/ikimisli.tr\/index.php\/2025\/09\/01\/938-gun-gecti-ama-hatay-hala-enkaz\/","title":{"rendered":"938 g\u00fcn ge\u00e7ti ama Hatay hala enkaz"},"content":{"rendered":"<p><em><strong>G\u00fclnur SAYDAM<\/strong><\/em><\/p>\n<p>TAR\u0130H\u0130 Antakya 13 medeniyete hizmet etti lakin bilimin bu kadar geli\u015fti\u011fi bir y\u00fczy\u0131lda parag\u00f6z m\u00fcteahhitlere, rant\u00e7\u0131 siyasilere yenik d\u00fc\u015ft\u00fc. Hatay\u2019\u0131 zelzele de\u011fil yozla\u015fm\u0131\u015f insanl\u0131k y\u0131kt\u0131. Zelzelenin 938. g\u00fcn\u00fcnde o y\u0131k\u0131m oldu\u011fu \u00fczere duruyor&#8230; O denli ki Bakanl\u0131\u011f\u0131n g\u00f6rmezden geldi\u011fi yaln\u0131zca binalar de\u011fil jenerasyondan nesile ta\u015f\u0131nan koca bir tarih ve an\u0131lar&#8230;<\/p>\n<p><strong>\u2018SARAY\u2019IN \u0130\u00c7LER ACISI HAL\u0130<\/strong><\/p>\n<p>Roma periyoduna dayanan tarihi ge\u00e7mi\u015fi ile kente gelen turistlerin birinci dura\u011f\u0131 olan Saray Caddesi\u2019nde sars\u0131nt\u0131dan evvel antik kal\u0131nt\u0131lar ve restore edilmi\u015f yap\u0131lar vard\u0131. Tekrar antik yap\u0131lar i\u00e7inde d\u00fckk\u00e2nlar yer al\u0131yordu. Sars\u0131nt\u0131da tarihi cadde y\u0131k\u0131ld\u0131. Ortada y\u0131k\u0131lmayan ancak a\u011f\u0131r hasar alan kimi tarihi binalar oldu. Fakat \u015fu ana kadar o yap\u0131lar da restore edilmedi\u011fi i\u00e7in her g\u00fcn biraz daha \u00e7\u00fcr\u00fcyerek y\u0131k\u0131l\u0131yor. Zelzeleden sonra K\u00fclt\u00fcr ve Turizm Bakanl\u0131\u011f\u0131 baz\u0131 yap\u0131lar\u0131n etraf\u0131n\u0131 \u201cRestore edece\u011fiz\u201d diye \u00e7evrelese de 938. g\u00fcnde tablo \u00e7ok ac\u0131. Toz ve y\u0131k\u0131m birinci g\u00fcnk\u00fc \u00fczere duruyor.\u00a0<\/p>\n<p><strong>TAR\u0130H\u0130 SOKAKLAR S\u0130L\u0130N\u0130YOR<\/strong><\/p>\n<p>Yakla\u015f\u0131k 300 y\u0131ll\u0131k bir ge\u00e7mi\u015fe sahip tarihi Antakya konutlar\u0131n\u0131n bir\u00e7o\u011fu y\u0131k\u0131ld\u0131 ya da a\u011f\u0131r hasarl\u0131. \u0130\u00e7lerinde s\u00fcs havuzlar\u0131 bulunan bu ta\u015f konutlardan kimileri kafe, restoran ve otel olarak kullan\u0131l\u0131yordu. Kentin iktisad\u0131na de b\u00fcy\u00fck takviye veriyordu.<\/p>\n<p>Binlerce y\u0131ll\u0131k k\u00fclt\u00fcr\u00fc m\u00fczikleriyle ya\u015fatan L\u00fcbnanl\u0131 Fairuz\u2019un en ho\u015f m\u00fczikleri i\u015fte bu tarihi sokaklarda yank\u0131lan\u0131rd\u0131. Art\u0131k o dar tarihi sokaklar, par\u00e7alanm\u0131\u015f tarihi ta\u015flarla dolu, b\u00fcsb\u00fct\u00fcn sessizli\u011fe b\u00fcr\u00fcnd\u00fc. Minik minik otlar insan uzunlu\u011funu ge\u00e7ecek kadar uzad\u0131. Hasarl\u0131 meskenlerin kap\u0131lar\u0131 kilitli, harabe durumda. Bakanl\u0131k tarihi yap\u0131lara da \u00f6ncelik vermi\u015f olsayd\u0131 kimileri bug\u00fcn dimdik hayatta \u00a0olabilirdi. Tarihi ile nefes alan kent halk\u0131 da ne yaz\u0131k ki \u00e7aresiz. Y\u00fczlerce defa An\u0131tlar Kurulu\u2019ndan dayanak isteseler de sesleri h\u00e2l\u00e2 duyulmuyor.<\/p>\n<p><img decoding=\"async\" src=\"https:\/\/ikimisli.tr\/wp-content\/uploads\/2025\/09\/938-gun-gecti-ama-hatay-hala-enkaz-0-mOSMf9Oy.jpg\"\/><\/p>\n<div>\n<p><em>FOTO\u011eRAFLAR: ALPER \u015eENER<\/em><\/p>\n<\/p><\/div>\n<p><strong>AS\u0130 CAN \u00c7EK\u0130\u015e\u0130YOR<\/strong><\/p>\n<p>Asi Irma\u011f\u0131 kenti ikiye b\u00f6lmesi ile bilinir. Sars\u0131nt\u0131da \u0131rmaktaki k\u00f6pr\u00fcler hasar ald\u0131. Birka\u00e7 ay \u00f6ncesinde ba\u015flayan \u0131slah \u00e7al\u0131\u015fmas\u0131 kapsam\u0131nda d\u00f6rt k\u00f6pr\u00fc de projeye dahil edildi. \u0130\u015f makineleri de \u0131rmakta \u00e7al\u0131\u015ft\u0131\u011f\u0131 i\u00e7in \u0131rma\u011f\u0131n do\u011fal hayat formlar\u0131 da ziyan g\u00f6r\u00fcyor.\u00a0<\/p>\n<p><img decoding=\"async\" src=\"https:\/\/ikimisli.tr\/wp-content\/uploads\/2025\/09\/938-gun-gecti-ama-hatay-hala-enkaz-1-yJJYHVTw.jpg\"\/><\/p>\n<p><strong>HATAY MECL\u0130S\u0130 H\u00c2L\u00c2 B\u0130TMED\u0130<\/strong><\/p>\n<p>Frans\u0131z mimar Leon Benju taraf\u0131ndan tasarlanan ve birinci y\u0131llar\u0131nda Hatay Devleti Millet Meclisi olarak kullan\u0131lan bu tarihi yap\u0131 zelzelede y\u0131k\u0131ld\u0131. Ta\u015feron firma \u00e7al\u0131\u015fanlar\u0131 fiyatlar\u0131n\u0131 alamad\u0131klar\u0131 i\u00e7in i\u015fi b\u0131rakm\u0131\u015f. \u0130Tarihi yap\u0131n\u0131n ne vakit bitece\u011fi bilinmiyor.<\/p>\n<p><img decoding=\"async\" src=\"https:\/\/ikimisli.tr\/wp-content\/uploads\/2025\/09\/938-gun-gecti-ama-hatay-hala-enkaz-2-p1dXLpMn.jpg\"\/><\/p>\n<p><strong>YEN\u0130 YAPILAN TOK\u0130 B\u0130NALARI D\u00d6K\u00dcL\u00dcYOR<\/strong><\/p>\n<p>\u015eehir TOK\u0130\u2019den ge\u00e7ilmiyor. \u0130\u015fler ta\u015feronun ta\u015feronuna pas ediliyor. \u00c7\u00fcr\u00fck yap\u0131lan binalar nedeniyle bir\u00e7ok m\u00fchendis ve usta istifa etti. S\u00fcratle bitirilmeye \u00e7al\u0131\u015f\u0131lan konutlar\u0131n bir sonraki zelzeleye dayanabilece\u011fi me\u00e7hul. \u00dcst\u00fcnk\u00f6r\u00fc tesisatlar nedeniyle depremzedeler daima sorun ya\u015f\u0131yor.<\/p>\n<p>Rant neredeyse bakanl\u0131k g\u00f6z\u00fcn\u00fc oraya dikiyor. Sit alan\u0131 ya da zeytinlik, farketmiyor. Dikmece, K\u0131r\u0131khan, Defne, Antakya ve son olarak Samanda\u011f&#8230; Bir g\u00fcn i\u00e7inde hak sahiplerine haber dahi vermeden tapular d\u00fc\u015f\u00fcr\u00fcld\u00fc. As\u0131rl\u0131k zeytinlikler TOK\u0130 i\u00e7in kesildi. Sars\u0131nt\u0131 konutlar\u0131 i\u00e7in yap\u0131lacak onlarca kamu yeri varken&#8230;<\/p>\n<p>Tarihi Uzun \u00c7ar\u015f\u0131\u2019n\u0131n zelzelede bir k\u0131sm\u0131 hasar g\u00f6rd\u00fc. Valilik \u00e7ar\u015f\u0131n\u0131n restore edilece\u011fini belirterek, hasar g\u00f6rmeyen yerlerdeki esnaf\u0131 da konteynerlere ta\u015f\u0131d\u0131. Esnaf \u015fikayet\u00e7i, \u00e7ar\u015f\u0131n\u0131n ne vakit bitece\u011fi me\u00e7hul.<\/p>\n<p><strong>SOKAKLAR G\u00dcVENS\u0130Z<\/strong><\/p>\n<p>\u00c7ocuklar\u0131n bir birden fazla a\u011f\u0131r uyu\u015fturucu husus bata\u011f\u0131na d\u00fc\u015fm\u00fc\u015f durumda. Enkaza d\u00f6nm\u00fc\u015f sokaklarda bayanlar\u0131n ve \u00e7ocuklar\u0131n y\u00fcr\u00fcmesi \u00e7ok tehlikeli. Bir\u00e7ok bayan paras\u0131zl\u0131ktan fuhu\u015fa s\u00fcr\u00fcklendi\u011fini s\u00f6yl\u00fcyor. \u00dcstelik konteynerkentlerde ya\u015fayanlar da korktuklar\u0131 i\u00e7in fuhu\u015fa ses \u00e7\u0131karam\u0131yor. Bayanlar\u0131n s\u0131\u011f\u0131nabilece\u011fi bir bayan konutu yok.\u00a0<\/p>\n<p><img decoding=\"async\" src=\"https:\/\/ikimisli.tr\/wp-content\/uploads\/2025\/09\/938-gun-gecti-ama-hatay-hala-enkaz-3-OxbWthN3.jpg\"\/><\/p>\n<p><b><span>6 \u015eubat sars\u0131nt\u0131lar\u0131 Hatay\u2019la birlikte 11 kenti y\u0131kt\u0131<\/span><\/b><\/p>\n<p><strong>\u0130LK KERE BU KADAR KARANLIK<\/strong><\/p>\n<p>Deprem en a\u011f\u0131r hasarlardan birini tarihi Kurtulu\u015f Caddesi\u2019ne verdi. Asi Irma\u011f\u0131 ile Habibi Neccar Da\u011f\u0131 ortas\u0131nda kalan alanda uzunluklu boyunca uzanan cadde, sars\u0131nt\u0131n\u0131n 938. g\u00fcn\u00fcnde hala harap halde. Tarihi yap\u0131lara An\u0131tlar Kurulu\u2019nun acil bir \u00e7al\u0131\u015fma yapmas\u0131 ve y\u00fcr\u00fcrl\u00fc\u011fe ge\u00e7irmesi gerekiyor. Yaln\u0131zca tek t\u00fck binalarda \u00e7al\u0131\u015fma var. O da 3-5 y\u0131l daha s\u00fcrecek. Aral\u0131k ay\u0131 sonuna kadar caddeye tramvay yap\u0131laca\u011f\u0131 bilgisi d\u0131\u015f\u0131nda riskli alanlar ile ilgili net bilgi yok. Bilhassa hak sahipleri peri\u015fan. Ne kendi ceplerinden restore edebiliyorlar ne de bakanl\u0131ktan riskli alan i\u00e7in takviye alabiliyorlar. Tarihi cadde toz bulutu i\u00e7inde, hafriyat kamyonlar\u0131na teslim oldu.\u00a0<\/p>\n","protected":false},"excerpt":{"rendered":"<p>Medeniyetler kenti Hatay\u2019da 6 \u015fubat\u2019\u0131n b\u0131rakt\u0131\u011f\u0131 tahribat neredeyse el de\u011fmeden duruyor. Kentteki tarihi binalar\u0131n ve sokaklar\u0131n hali i\u00e7ler ac\u0131s\u0131, vatanda\u015flar zorda.<\/p>\n","protected":false},"author":1,"featured_media":76098,"comment_status":"open","ping_status":"open","sticky":false,"template":"","format":"standard","meta":{"footnotes":""},"categories":[25],"tags":[285,288,761,1461,2163],"class_list":["post-76097","post","type-post","status-publish","format-standard","has-post-thumbnail","hentry","category-gundem","tag-deprem","tag-hasar","tag-tarihi","tag-tas","tag-yapilar"],"_links":{"self":[{"href":"https:\/\/ikimisli.tr\/index.php\/wp-json\/wp\/v2\/posts\/76097","targetHints":{"allow":["GET"]}}],"collection":[{"href":"https:\/\/ikimisli.tr\/index.php\/wp-json\/wp\/v2\/posts"}],"about":[{"href":"https:\/\/ikimisli.tr\/index.php\/wp-json\/wp\/v2\/types\/post"}],"author":[{"embeddable":true,"href":"https:\/\/ikimisli.tr\/index.php\/wp-json\/wp\/v2\/users\/1"}],"replies":[{"embeddable":true,"href":"https:\/\/ikimisli.tr\/index.php\/wp-json\/wp\/v2\/comments?post=76097"}],"version-history":[{"count":1,"href":"https:\/\/ikimisli.tr\/index.php\/wp-json\/wp\/v2\/posts\/76097\/revisions"}],"predecessor-version":[{"id":76103,"href":"https:\/\/ikimisli.tr\/index.php\/wp-json\/wp\/v2\/posts\/76097\/revisions\/76103"}],"wp:featuredmedia":[{"embeddable":true,"href":"https:\/\/ikimisli.tr\/index.php\/wp-json\/wp\/v2\/media\/76098"}],"wp:attachment":[{"href":"https:\/\/ikimisli.tr\/index.php\/wp-json\/wp\/v2\/media?parent=76097"}],"wp:term":[{"taxonomy":"category","embeddable":true,"href":"https:\/\/ikimisli.tr\/index.php\/wp-json\/wp\/v2\/categories?post=76097"},{"taxonomy":"post_tag","embeddable":true,"href":"https:\/\/ikimisli.tr\/index.php\/wp-json\/wp\/v2\/tags?post=76097"}],"curies":[{"name":"wp","href":"https:\/\/api.w.org\/{rel}","templated":true}]}}