{"id":76176,"date":"2025-09-02T02:20:12","date_gmt":"2025-09-02T02:20:12","guid":{"rendered":"https:\/\/ikimisli.tr\/?p=76176"},"modified":"2025-09-02T02:20:12","modified_gmt":"2025-09-02T02:20:12","slug":"gures-etkinliginde-erdogan-krizi","status":"publish","type":"post","link":"https:\/\/ikimisli.tr\/index.php\/2025\/09\/02\/gures-etkinliginde-erdogan-krizi\/","title":{"rendered":"G\u00fcre\u015f etkinli\u011finde \u2018Erdo\u011fan\u2019 krizi!"},"content":{"rendered":"<p>Kocaeli\u2019nin Karam\u00fcrsel il\u00e7esinde bu y\u0131l 41\u2019incisi d\u00fczenlenen Klasik Alt\u0131n Kemer Ya\u011fl\u0131 G\u00fcre\u015fleri, siyasi bir tansiyona sahne oldu.<\/p>\n<p>Etkinlik alan\u0131nda Cumhurba\u015fkan\u0131 ve AKP Genel Ba\u015fkan\u0131 Recep Tayyip Erdo\u011fan&#8217;\u0131n foto\u011fraf\u0131n\u0131n yer almamas\u0131 \u00fczerine AKP Karam\u00fcrsel \u0130l\u00e7e Te\u015fkilat\u0131 tertibi protesto ederek topluca i\u015ftirak g\u00f6stermedi.<\/p>\n<p><b>YA\u011eLI G\u00dcRE\u015e TERT\u0130B\u0130NDE &#8216;FOTO\u011eRAF&#8217; KR\u0130Z\u0130<\/b><\/p>\n<p>Kocaeli\u2019nin CHP&#8217;li Karam\u00fcrsel Belediyesi taraf\u0131ndan bu y\u0131l 41\u2019incisi d\u00fczenlenen Kl\u00e2sik Alt\u0131n Kemer Ya\u011fl\u0131 G\u00fcre\u015fleri, siyasi bir tart\u0131\u015fman\u0131n g\u00f6lgesinde kald\u0131.<\/p>\n<p>Organizasyon alan\u0131na Cumhuriyet\u2019in kurucusu Mustafa Kemal Atat\u00fcrk, Kocaeli B\u00fcy\u00fck\u015fehir Belediye Ba\u015fkan\u0131 AKP&#8217;li Tahir B\u00fcy\u00fckak\u0131n, Karam\u00fcrsel Belediye Lideri Ahmet \u00c7al\u0131k ve g\u00fcre\u015f a\u011fas\u0131 Tacettin Arslan\u2019\u0131n foto\u011fraflar\u0131 as\u0131ld\u0131.<\/p>\n<p>Ancak Cumhurba\u015fkan\u0131 ve AKP Genel Ba\u015fkan\u0131 Recep Tayyip Erdo\u011fan\u2019\u0131n foto\u011fraf\u0131n\u0131n yer almamas\u0131, AKP\u2019liler taraf\u0131ndan reaksiyonla kar\u015f\u0131land\u0131.<\/p>\n<p><img decoding=\"async\" src=\"https:\/\/ikimisli.tr\/wp-content\/uploads\/2025\/09\/gures-etkinliginde-erdogan-krizi-0-2sIgbcYS.jpg\"\/><\/p>\n<p><b>AKP\u2019L\u0130LERDEN TERT\u0130BE BOYKOT<\/b><\/p>\n<p>Erdo\u011fan&#8217;\u0131n foto\u011fraf\u0131n\u0131n aktiflikte yer almamas\u0131n\u0131 protesto eden AKP Karam\u00fcrsel \u0130l\u00e7e Te\u015fkilat\u0131, tertibe kat\u0131lmama karar\u0131 ald\u0131.<\/p>\n<p>\u0130l\u00e7e Ba\u015fkan\u0131, Belediye Ba\u015fkan Yard\u0131mc\u0131lar\u0131, \u0130l\u00e7e Gen\u00e7lik ve Bayan Kollar\u0131 Liderleri ile \u00e7ok say\u0131da partili aktifli\u011fe i\u015ftirak g\u00f6stermedi.<\/p>\n<p><b>&#8220;GE\u00c7EN SENE DE B\u0130REB\u0130R FOTO\u011eRAFLARI KULLANDIK\u201d<\/b><\/p>\n<p>Karam\u00fcrsel Belediye Ba\u015fkan\u0131 Ahmet \u00c7al\u0131k, foto\u011fraf tercihine ait tenkitlere \u015f\u00f6yle kar\u015f\u0131l\u0131k verdi:<\/p>\n<p>-Cumhurba\u015fkan\u0131n\u0131n foto\u011fraf\u0131n\u0131n kamu kurumlar\u0131na as\u0131lmas\u0131yla ilgili bir genelge var lakin bu karar kamu kurumlar\u0131yla ilgili.<\/p>\n<p>-Fakat bu belediyenin yapm\u0131\u015f oldu\u011fu bir aktiflik. Biz ge\u00e7en sene de birebir foto\u011fraflar\u0131 kullanm\u0131\u015ft\u0131k, lakin bu t\u00fcrl\u00fc bir g\u00fcndem olmam\u0131\u015ft\u0131.<\/p>\n<p>-Bu y\u0131lki aktifli\u011fe AK Parti&#8217;nin il\u00e7e ba\u015fkan\u0131 kat\u0131lmad\u0131 ama baz\u0131 meclis \u00fcyeleri kat\u0131ld\u0131.<\/p>\n<p>-Bizim g\u00fcre\u015f etkinli\u011fimiz 16 A\u011fustos\u2019ta olacakt\u0131 ama il\u00e7emizde b\u00fcy\u00fck bir yang\u0131n \u00e7\u0131kmas\u0131ndan \u00f6t\u00fcr\u00fc etkinli\u011fimizi 29\u2019una ertelemi\u015ftik.<\/p>\n<p>-Gayet de ho\u015f bir tertip oldu lakin tertip sonras\u0131nda toplumsal medyada g\u00f6rd\u00fck ki baz\u0131 AK Parti taraftarlar\u0131 Cumhurba\u015fkan\u0131n\u0131n foto\u011fraf\u0131n\u0131n as\u0131lmamas\u0131n\u0131 g\u00fcndem yapmaya \u00e7al\u0131\u015ft\u0131lar.<\/p>\n<p>-Biz tercihen, partimizin duru\u015fu da; bir siyasi partinin genel liderinin foto\u011fraf\u0131n\u0131 asarsak o vakit CHP Genel Liderinin da foto\u011fraf\u0131n\u0131 asmam\u0131z gerekir.<\/p>\n","protected":false},"excerpt":{"rendered":"<p>Karam\u00fcrsel\u2019de CHP\u2019li belediyenin d\u00fczenledi\u011fi ya\u011fl\u0131 g\u00fcre\u015f aktifli\u011fi, Cumhurba\u015fkan\u0131 Erdo\u011fan\u2019\u0131n foto\u011fraf\u0131n\u0131n alanda yer almamas\u0131 nedeniyle AKP\u2019lilerin protestosuna sahne oldu. Belediye Ba\u015fkan\u0131 Ahmet \u00c7al\u0131k, \u201cBir partinin genel liderinin foto\u011fraf\u0131n\u0131 asarsak, CHP Genel Ba\u015fkan\u0131\u2019n\u0131n da foto\u011fraf\u0131n\u0131 asmam\u0131z gerekir\u201d dedi.<\/p>\n","protected":false},"author":1,"featured_media":76177,"comment_status":"open","ping_status":"open","sticky":false,"template":"","format":"standard","meta":{"footnotes":""},"categories":[25],"tags":[61,39,40,1984,5694],"class_list":["post-76176","post","type-post","status-publish","format-standard","has-post-thumbnail","hentry","category-gundem","tag-akp","tag-baskani","tag-belediye","tag-fotograf","tag-organizasyon"],"_links":{"self":[{"href":"https:\/\/ikimisli.tr\/index.php\/wp-json\/wp\/v2\/posts\/76176","targetHints":{"allow":["GET"]}}],"collection":[{"href":"https:\/\/ikimisli.tr\/index.php\/wp-json\/wp\/v2\/posts"}],"about":[{"href":"https:\/\/ikimisli.tr\/index.php\/wp-json\/wp\/v2\/types\/post"}],"author":[{"embeddable":true,"href":"https:\/\/ikimisli.tr\/index.php\/wp-json\/wp\/v2\/users\/1"}],"replies":[{"embeddable":true,"href":"https:\/\/ikimisli.tr\/index.php\/wp-json\/wp\/v2\/comments?post=76176"}],"version-history":[{"count":1,"href":"https:\/\/ikimisli.tr\/index.php\/wp-json\/wp\/v2\/posts\/76176\/revisions"}],"predecessor-version":[{"id":76179,"href":"https:\/\/ikimisli.tr\/index.php\/wp-json\/wp\/v2\/posts\/76176\/revisions\/76179"}],"wp:featuredmedia":[{"embeddable":true,"href":"https:\/\/ikimisli.tr\/index.php\/wp-json\/wp\/v2\/media\/76177"}],"wp:attachment":[{"href":"https:\/\/ikimisli.tr\/index.php\/wp-json\/wp\/v2\/media?parent=76176"}],"wp:term":[{"taxonomy":"category","embeddable":true,"href":"https:\/\/ikimisli.tr\/index.php\/wp-json\/wp\/v2\/categories?post=76176"},{"taxonomy":"post_tag","embeddable":true,"href":"https:\/\/ikimisli.tr\/index.php\/wp-json\/wp\/v2\/tags?post=76176"}],"curies":[{"name":"wp","href":"https:\/\/api.w.org\/{rel}","templated":true}]}}