{"id":76204,"date":"2025-09-02T03:56:11","date_gmt":"2025-09-02T03:56:11","guid":{"rendered":"https:\/\/ikimisli.tr\/?p=76204"},"modified":"2025-09-02T03:56:11","modified_gmt":"2025-09-02T03:56:11","slug":"denizlide-olen-iscisinin-cesedini-yol-kenarina-atan-vicdansiz-patron-tutuklandi","status":"publish","type":"post","link":"https:\/\/ikimisli.tr\/index.php\/2025\/09\/02\/denizlide-olen-iscisinin-cesedini-yol-kenarina-atan-vicdansiz-patron-tutuklandi\/","title":{"rendered":"Denizli&#8217;de \u00f6len i\u015f\u00e7isinin cesedini yol kenar\u0131na atan vicdans\u0131z patron tutukland\u0131"},"content":{"rendered":"<p>Olay, evvelki g\u00fcn Kocaba\u015f Mahallesi\u2019nde meydana geldi. Mermer fabrikas\u0131nda emek\u00e7i olarak \u00e7al\u0131\u015fan Suriye as\u0131ll\u0131 Yasin Bedevi Muaffi\u015f, elektik ak\u0131m\u0131na kap\u0131l\u0131p hayat\u0131n\u0131 kaybetti.<\/p>\n<p><b>&#8216;HASTANEYE G\u00d6T\u00dcRECE\u011e\u0130M&#8217; DED\u0130<\/b><\/p>\n<p>Fabrika sahibi G\u00f6khan Fidan, \u00f6b\u00fcr emek\u00e7ilere Muaffi\u015f&#8217;i hastaneye g\u00f6t\u00fcrece\u011fini s\u00f6yleyip, arabas\u0131na koydurdu.<\/p>\n<p><b>&#8216;YOL KENARINDA BAYGIN B\u0130R\u0130 VAR&#8217;<\/b><\/p>\n<p>Fabrikadan ayr\u0131lan Fidan, daha sonra yol kenar\u0131nda durup, Muaffi\u015f&#8217;in cesedini b\u0131rakarak, 112&#8217;yi aray\u0131p, &#8216;Yol kenar\u0131nda bayg\u0131n bir ki\u015fi var&#8217; ihbar\u0131nda bulundu. \u0130hbar \u00fczerine b\u00f6lgeye s\u0131hhat ve jandarma gruplar\u0131 sevk edildi. Gelen s\u0131hhat tak\u0131m\u0131, Yasin Bedevi Muaffi\u015f&#8217;in hayat\u0131n\u0131 kaybetti\u011fini belirledi.<\/p>\n<p>Olayla ilgili ba\u015flat\u0131lan soru\u015fturma kapsam\u0131nda fabrika sahibi G\u00f6khan Fidan jandarma taraf\u0131ndan g\u00f6zalt\u0131na al\u0131nd\u0131. Jandarma gruplar\u0131n\u0131n yapt\u0131\u011f\u0131 inceleme sonras\u0131 Muaffi\u015f&#8217;in cesedi otopsi i\u00e7in Adli T\u0131p Kurumu Denizli B\u00f6lge Ba\u015fkanl\u0131\u011f\u0131 morguna kald\u0131r\u0131ld\u0131.<\/p>\n<p><b>&#8216;\u00d6LD\u00dc\u011e\u00dcN\u00dc B\u0130LSEM FABR\u0130KADAN AYRILMAZDIK&#8217;<\/b><\/p>\n<p>G\u00f6khan Fidan&#8217;\u0131n birinci tabirinde, personelin elektrik ak\u0131m\u0131na kap\u0131ld\u0131\u011f\u0131n\u0131 duyunca onu hastaneye g\u00f6t\u00fcrmek i\u00e7in fabrikadan ayr\u0131ld\u0131\u011f\u0131n\u0131 belirtip, &#8220;Daha sonra \u00f6ld\u00fc\u011f\u00fcn\u00fc d\u00fc\u015f\u00fcnerek tekrar fabrikan\u0131n yak\u0131n\u0131na gelip, cesedini yere b\u0131rak\u0131p s\u0131hhat tak\u0131mlar\u0131na haber verdim. Korktu\u011fum i\u00e7in bu t\u00fcrl\u00fc yapt\u0131m. \u00d6ld\u00fc\u011f\u00fcn\u00fc bilsem fabrikadan hi\u00e7 ayr\u0131lmazd\u0131k&#8221; dedi.<\/p>\n<p>Jandarmadaki s\u00fcre\u00e7lerinin akabinde adliyeye sevk edilen Fidan \u00e7\u0131kar\u0131ld\u0131\u011f\u0131 mahkemece tutukland\u0131.<\/p>\n","protected":false},"excerpt":{"rendered":"<p>Denizli&#8217;de \u00e7al\u0131\u015ft\u0131\u011f\u0131 mermer fabrikas\u0131nda ak\u0131ma kap\u0131lan Suriye as\u0131ll\u0131 27 ya\u015f\u0131ndaki Yasin Bedevi Muaffi\u015f hayat\u0131n\u0131 kaybetti. Fabrikan\u0131n sahibi G\u00f6khan Fidan, Muaffi\u015f\u2019in cans\u0131z v\u00fccudunu fabrikadan uza\u011fa ta\u015f\u0131y\u0131p, 112&#8217;yi arayarak \u201cYol kenar\u0131nda buldum\u201d dedi. Ku\u015fkulu olarak g\u00f6zalt\u0131na al\u0131nan Fidan, c\u00fcrm\u00fcn\u00fc itiraf edince tutukland\u0131.<\/p>\n","protected":false},"author":1,"featured_media":76205,"comment_status":"open","ping_status":"open","sticky":false,"template":"","format":"standard","meta":{"footnotes":""},"categories":[25],"tags":[1654,720],"class_list":["post-76204","post","type-post","status-publish","format-standard","has-post-thumbnail","hentry","category-gundem","tag-fabrika","tag-fidan"],"_links":{"self":[{"href":"https:\/\/ikimisli.tr\/index.php\/wp-json\/wp\/v2\/posts\/76204","targetHints":{"allow":["GET"]}}],"collection":[{"href":"https:\/\/ikimisli.tr\/index.php\/wp-json\/wp\/v2\/posts"}],"about":[{"href":"https:\/\/ikimisli.tr\/index.php\/wp-json\/wp\/v2\/types\/post"}],"author":[{"embeddable":true,"href":"https:\/\/ikimisli.tr\/index.php\/wp-json\/wp\/v2\/users\/1"}],"replies":[{"embeddable":true,"href":"https:\/\/ikimisli.tr\/index.php\/wp-json\/wp\/v2\/comments?post=76204"}],"version-history":[{"count":1,"href":"https:\/\/ikimisli.tr\/index.php\/wp-json\/wp\/v2\/posts\/76204\/revisions"}],"predecessor-version":[{"id":76206,"href":"https:\/\/ikimisli.tr\/index.php\/wp-json\/wp\/v2\/posts\/76204\/revisions\/76206"}],"wp:featuredmedia":[{"embeddable":true,"href":"https:\/\/ikimisli.tr\/index.php\/wp-json\/wp\/v2\/media\/76205"}],"wp:attachment":[{"href":"https:\/\/ikimisli.tr\/index.php\/wp-json\/wp\/v2\/media?parent=76204"}],"wp:term":[{"taxonomy":"category","embeddable":true,"href":"https:\/\/ikimisli.tr\/index.php\/wp-json\/wp\/v2\/categories?post=76204"},{"taxonomy":"post_tag","embeddable":true,"href":"https:\/\/ikimisli.tr\/index.php\/wp-json\/wp\/v2\/tags?post=76204"}],"curies":[{"name":"wp","href":"https:\/\/api.w.org\/{rel}","templated":true}]}}