{"id":76317,"date":"2025-09-02T10:20:12","date_gmt":"2025-09-02T10:20:12","guid":{"rendered":"https:\/\/ikimisli.tr\/?p=76317"},"modified":"2025-09-02T10:20:12","modified_gmt":"2025-09-02T10:20:12","slug":"o-dizinin-fisi-cekildi-basrolu-gonderip-isim-degisikligine-gitmislerdi","status":"publish","type":"post","link":"https:\/\/ikimisli.tr\/index.php\/2025\/09\/02\/o-dizinin-fisi-cekildi-basrolu-gonderip-isim-degisikligine-gitmislerdi\/","title":{"rendered":"O dizinin fi\u015fi \u00e7ekildi! Ba\u015frol\u00fc g\u00f6nderip isim de\u011fi\u015fikli\u011fine gitmi\u015flerdi&#8230;"},"content":{"rendered":"<p>\u0130ki d\u00f6nemdir NOW TV ekranlar\u0131nda devam eden Hudutsuz Sevda&#8217;n\u0131n d\u00f6nem finalinde &#8216;Zeynep&#8217; karakteri hayat\u0131n\u0131 kaybetmi\u015fti. Miray Daner&#8217;in senaryo gere\u011fi diziden ayr\u0131lmas\u0131yla dizi b\u00fcy\u00fck bir d\u00f6n\u00fc\u015f\u00fcm ya\u015fam\u0131\u015ft\u0131.<\/p>\n<p><img decoding=\"async\" src=\"https:\/\/ikimisli.tr\/wp-content\/uploads\/2025\/09\/o-dizinin-fisi-cekildi-basrolu-gonderip-isim-degisikligine-gitmislerdi-0-FwiK8Cs4.jpeg\"\/><\/p>\n<p>Yeni d\u00f6neme ge\u00e7mi\u015f d\u00f6nemlerden sadece 5 oyuncunun devam edece\u011fi s\u00f6ylenen dizinin yeni isminin da Halo olmas\u0131 bekleniyordu.<\/p>\n<p>Gazeteci Birsen Altunta\u015f&#8217;\u0131n haberine nazaran, Hudutsuz Sevda (Halo) yay\u0131ndan kald\u0131r\u0131ld\u0131.<\/p>\n<p>Dizinin yerine Medyap\u0131m&#8217;\u0131n raf\u0131nda bulunan &#8216;Yeralt\u0131&#8217;n\u0131n \u00e7ekilmesine karar verildi. Dizinin ba\u015frol\u00fcnde oynamas\u0131 planlanan oyuncunun ise Deniz Can Akta\u015f oldu\u011fu \u00f6\u011frenildi.<\/p>\n<p><img decoding=\"async\" src=\"https:\/\/ikimisli.tr\/wp-content\/uploads\/2025\/09\/o-dizinin-fisi-cekildi-basrolu-gonderip-isim-degisikligine-gitmislerdi-1-5wuQ4DTY.jpeg\"\/><\/p>\n","protected":false},"excerpt":{"rendered":"<p>NOW TV ekranlar\u0131nda yay\u0131nlanan Hudutsuz Sevda&#8217;n\u0131n d\u00f6nem finalinde hi\u00e7 beklenmedik bir olay ya\u015fanm\u0131\u015ft\u0131. Miray Daner&#8217;in canland\u0131rd\u0131\u011f\u0131 &#8216;Zeynep&#8217; karakteri u\u011frad\u0131\u011f\u0131 silahl\u0131 h\u00fccum sonucu hayat\u0131n\u0131 kaybetmi\u015fti. Yeni d\u00f6nemde ise Halo ismiyle devam etmesi beklenen dizinin yay\u0131ndan kald\u0131r\u0131ld\u0131\u011f\u0131 a\u00e7\u0131kland\u0131.<\/p>\n","protected":false},"author":1,"featured_media":76318,"comment_status":"open","ping_status":"open","sticky":false,"template":"","format":"standard","meta":{"footnotes":""},"categories":[27],"tags":[600],"class_list":["post-76317","post","type-post","status-publish","format-standard","has-post-thumbnail","hentry","category-magazin","tag-dizi"],"_links":{"self":[{"href":"https:\/\/ikimisli.tr\/index.php\/wp-json\/wp\/v2\/posts\/76317","targetHints":{"allow":["GET"]}}],"collection":[{"href":"https:\/\/ikimisli.tr\/index.php\/wp-json\/wp\/v2\/posts"}],"about":[{"href":"https:\/\/ikimisli.tr\/index.php\/wp-json\/wp\/v2\/types\/post"}],"author":[{"embeddable":true,"href":"https:\/\/ikimisli.tr\/index.php\/wp-json\/wp\/v2\/users\/1"}],"replies":[{"embeddable":true,"href":"https:\/\/ikimisli.tr\/index.php\/wp-json\/wp\/v2\/comments?post=76317"}],"version-history":[{"count":1,"href":"https:\/\/ikimisli.tr\/index.php\/wp-json\/wp\/v2\/posts\/76317\/revisions"}],"predecessor-version":[{"id":76321,"href":"https:\/\/ikimisli.tr\/index.php\/wp-json\/wp\/v2\/posts\/76317\/revisions\/76321"}],"wp:featuredmedia":[{"embeddable":true,"href":"https:\/\/ikimisli.tr\/index.php\/wp-json\/wp\/v2\/media\/76318"}],"wp:attachment":[{"href":"https:\/\/ikimisli.tr\/index.php\/wp-json\/wp\/v2\/media?parent=76317"}],"wp:term":[{"taxonomy":"category","embeddable":true,"href":"https:\/\/ikimisli.tr\/index.php\/wp-json\/wp\/v2\/categories?post=76317"},{"taxonomy":"post_tag","embeddable":true,"href":"https:\/\/ikimisli.tr\/index.php\/wp-json\/wp\/v2\/tags?post=76317"}],"curies":[{"name":"wp","href":"https:\/\/api.w.org\/{rel}","templated":true}]}}