{"id":76405,"date":"2025-09-02T15:20:10","date_gmt":"2025-09-02T15:20:10","guid":{"rendered":"https:\/\/ikimisli.tr\/?p=76405"},"modified":"2025-09-02T15:20:10","modified_gmt":"2025-09-02T15:20:10","slug":"chp-o-goruntuleri-meclise-tasidi","status":"publish","type":"post","link":"https:\/\/ikimisli.tr\/index.php\/2025\/09\/02\/chp-o-goruntuleri-meclise-tasidi\/","title":{"rendered":"CHP o g\u00f6r\u00fcnt\u00fcleri meclise ta\u015f\u0131d\u0131"},"content":{"rendered":"<p>Soru \u00f6nergesine nazaran, An\u0131tkabir\u2019deki merasimde subay ve astsubaylar d\u00f6rt farkl\u0131 g\u00fcvenlik noktas\u0131ndan ge\u00e7irildi. G\u00fcvenlik denetimleri s\u0131ras\u0131nda polis taraf\u0131ndan \u00fcst aramas\u0131 yap\u0131ld\u0131 ve sadece evvelce haz\u0131rlanan listelerde ismi bulunan askerlerin merasim alan\u0131na giri\u015fine m\u00fcsaade verildi.<\/p>\n<p>Ertu\u011frul, kelam konusu uygulamalar\u0131n yasal ve idari desteklerinin kamuoyuyla payla\u015f\u0131lmas\u0131 gerekti\u011fini belirterek, \u201cResmi merasimlerde g\u00fcvenlik elbette de\u011ferlidir, lakin bu g\u00fcvenlik uygulamalar\u0131 t\u00fczel sonlar\u0131 ihlal etmemelidir\u201d dedi.<\/p>\n<p>Ertu\u011frul, \u00f6nergesinde, askeri i\u015f\u00e7inin aranmas\u0131nda yetkili \u00fcnitenin Merkez Komutanl\u0131\u011f\u0131 oldu\u011funu hat\u0131rlatarak, polis taraf\u0131ndan yap\u0131lan araman\u0131n hangi mevzuata dayand\u0131\u011f\u0131n\u0131 sorgulad\u0131. Ayr\u0131yeten, harika g\u00fcvenlik \u00f6nlemlerinin hangi m\u00fcnasebetle al\u0131nd\u0131\u011f\u0131n\u0131, bu uygulamalar\u0131n ge\u00e7mi\u015f y\u0131llardaki merasimlere nazaran neden farkl\u0131l\u0131k g\u00f6sterdi\u011fini de sordu.<\/p>\n<p>Ertu\u011frul, \u201cBu t\u0131p uygulamalar, T\u00fcrk Silahl\u0131 Kuvvetleri\u2019nin kurumsal disiplini ve sayg\u0131nl\u0131\u011f\u0131 a\u00e7\u0131s\u0131ndan \u00f6nemli sonu\u00e7lar do\u011furabilir\u201d diyerek, merasimlerde g\u00fcvenlik ile protokol istikrar\u0131 ortas\u0131nda hassas bir uyum gerekti\u011fini vurgulad\u0131.<\/p>\n<p><strong>Milli Savunma Bakan\u0131\u2019na Y\u00f6neltilen Sorular:<\/strong><\/p>\n<p>Milletvekili Ertu\u011frul, Bakan Ya\u015far G\u00fcler\u2019e \u015fu sorular\u0131 y\u00f6neltti:<\/p>\n<ul>\n<li>T\u00f6rene giri\u015fte olu\u015fturulan g\u00fcvenlik listeleri hangi yasal d\u00fczenlemeye dayal\u0131 olarak haz\u0131rlanm\u0131\u015ft\u0131r?<\/li>\n<li>Polis taraf\u0131ndan yap\u0131lan \u00fcst aramas\u0131 hangi t\u00fczel ve idari mevzuata uygundur?<\/li>\n<li>Bu g\u00fcvenlik uygulamalar\u0131, ge\u00e7mi\u015f y\u0131llardaki merasimlere k\u0131yasla neden farkl\u0131l\u0131k g\u00f6stermektedir?<\/li>\n<li>TSK i\u015f\u00e7isine y\u00f6nelik bu uygulamalar\u0131n kurumsal prestij \u00fczerindeki tesiri de\u011ferlendirilmi\u015f midir?<\/li>\n<li>G\u00fcvenlik ile protokol uyumu hangi kurumlar taraf\u0131ndan sa\u011flanm\u0131\u015ft\u0131r?<\/li>\n<\/ul>\n","protected":false},"excerpt":{"rendered":"<p>CHP Zonguldak Milletvekili Hareket Ertu\u011f Ertu\u011frul, 30 A\u011fustos Zafer Bayram\u0131\u2019nda An\u0131tkabir\u2019de d\u00fczenlenen resmi merasime kat\u0131lan askeri \u00e7al\u0131\u015fan\u0131n \u00fcst aramas\u0131na tabi tutulmas\u0131n\u0131 TBMM g\u00fcndemine ta\u015f\u0131d\u0131. Milli Savunma Bakan\u0131 Ya\u015far G\u00fcler\u2019in yan\u0131tlamas\u0131 istemiyle yaz\u0131l\u0131 soru \u00f6nergesi veren Ertu\u011frul, uygulaman\u0131n T\u00fcrk Silahl\u0131 Kuvvetleri\u2019nin kurumsal sayg\u0131nl\u0131\u011f\u0131 \u00fczerinde yaratabilece\u011fi olumsuz tesirlere dikkat \u00e7ekti.<\/p>\n","protected":false},"author":1,"featured_media":76406,"comment_status":"open","ping_status":"open","sticky":false,"template":"","format":"standard","meta":{"footnotes":""},"categories":[25],"tags":[1525,8912,1155,8913],"class_list":["post-76405","post","type-post","status-publish","format-standard","has-post-thumbnail","hentry","category-gundem","tag-guvenlik","tag-hangi","tag-toren","tag-uygulamalari"],"_links":{"self":[{"href":"https:\/\/ikimisli.tr\/index.php\/wp-json\/wp\/v2\/posts\/76405","targetHints":{"allow":["GET"]}}],"collection":[{"href":"https:\/\/ikimisli.tr\/index.php\/wp-json\/wp\/v2\/posts"}],"about":[{"href":"https:\/\/ikimisli.tr\/index.php\/wp-json\/wp\/v2\/types\/post"}],"author":[{"embeddable":true,"href":"https:\/\/ikimisli.tr\/index.php\/wp-json\/wp\/v2\/users\/1"}],"replies":[{"embeddable":true,"href":"https:\/\/ikimisli.tr\/index.php\/wp-json\/wp\/v2\/comments?post=76405"}],"version-history":[{"count":1,"href":"https:\/\/ikimisli.tr\/index.php\/wp-json\/wp\/v2\/posts\/76405\/revisions"}],"predecessor-version":[{"id":76407,"href":"https:\/\/ikimisli.tr\/index.php\/wp-json\/wp\/v2\/posts\/76405\/revisions\/76407"}],"wp:featuredmedia":[{"embeddable":true,"href":"https:\/\/ikimisli.tr\/index.php\/wp-json\/wp\/v2\/media\/76406"}],"wp:attachment":[{"href":"https:\/\/ikimisli.tr\/index.php\/wp-json\/wp\/v2\/media?parent=76405"}],"wp:term":[{"taxonomy":"category","embeddable":true,"href":"https:\/\/ikimisli.tr\/index.php\/wp-json\/wp\/v2\/categories?post=76405"},{"taxonomy":"post_tag","embeddable":true,"href":"https:\/\/ikimisli.tr\/index.php\/wp-json\/wp\/v2\/tags?post=76405"}],"curies":[{"name":"wp","href":"https:\/\/api.w.org\/{rel}","templated":true}]}}