{"id":76465,"date":"2025-09-02T18:56:11","date_gmt":"2025-09-02T18:56:11","guid":{"rendered":"https:\/\/ikimisli.tr\/?p=76465"},"modified":"2025-09-02T18:56:11","modified_gmt":"2025-09-02T18:56:11","slug":"chp-lideri-ozgur-ozelden-sydv-grevine-destek-grev-hakkina-saldiri-demokrasiye-saldiridir","status":"publish","type":"post","link":"https:\/\/ikimisli.tr\/index.php\/2025\/09\/02\/chp-lideri-ozgur-ozelden-sydv-grevine-destek-grev-hakkina-saldiri-demokrasiye-saldiridir\/","title":{"rendered":"CHP Lideri \u00d6zg\u00fcr \u00d6zel\u2019den SYDV Grevine destek: \u201cGrev hakk\u0131na sald\u0131r\u0131, demokrasiye sald\u0131r\u0131d\u0131r\u201d"},"content":{"rendered":"<p>CHP Genel Ba\u015fkan\u0131 \u00d6zg\u00fcr \u00d6zel, Koop-\u0130\u015f Sendikas\u0131 taraf\u0131ndan ba\u015flat\u0131lan greve takviye vererek, SYDV \u00e7al\u0131\u015fanlar\u0131n\u0131n y\u0131llard\u0131r afetlerde ve kriz vakitlerinde halk\u0131n yan\u0131nda oldu\u011funu hat\u0131rlatt\u0131. AK Parti iktidar\u0131n\u0131 ele\u015ftiren \u00d6zel, \u201cBu iktidar, millete yard\u0131m g\u00f6t\u00fcrenleri de yard\u0131ma muhta\u00e7 etti\u201d dedi.<\/p>\n<p>CHP lideri, s\u00f6z konusu vak\u0131f \u00e7al\u0131\u015fanlar\u0131n\u0131n, zelzele, pandemi, yang\u0131n \u00fczere inan\u0131lmaz \u015fartlarda devletin \u015fefkat elini halka ula\u015ft\u0131ran bireyler oldu\u011funu vurgulad\u0131. Lakin h\u00fck\u00fcmetin, bu i\u015f\u00e7ilere hak ettikleri art\u0131r\u0131m oranlar\u0131n\u0131 vermeyerek ma\u011fdur etti\u011fini savundu.<\/p>\n<p><strong>\u00d6zg\u00fcr \u00d6zel\u2019in a\u00e7\u0131klamas\u0131nda \u015fu s\u00f6zlere yer verildi:<\/strong><\/p>\n<p>\u201cKamuda 600 binin \u00fczerindeki emek\u00e7iyi kapsayan 2025 y\u0131l\u0131 Kamu K\u0131sm\u0131 Toplu \u0130\u015f Mukaveleleri 2 A\u011fustos\u2019ta imzaland\u0131. Fakat Aile ve Sosyal Hizmetler Bakanl\u0131\u011f\u0131, kendi \u00e7al\u0131\u015fanlar\u0131na kazan\u0131lm\u0131\u015f y\u00fczde 24\u2019l\u00fck art\u0131r\u0131m\u0131 vermek yerine, y\u00fczde 11\u2019lik sefalet art\u0131r\u0131m\u0131n\u0131 dayatt\u0131. Bu nedenle yakla\u015f\u0131k 10 bin i\u015f\u00e7i 29 A\u011fustos\u2019tan bu yana grevde.\u201d<\/p>\n<p>\u201cBaz\u0131 valilerin ve kaymakamlar\u0131n, grev hakk\u0131n\u0131 kullanan \u00e7al\u0131\u015fanlar\u0131 i\u015ften atma tehdidiyle bask\u0131 alt\u0131na ald\u0131\u011f\u0131 taraf\u0131nda bilgiler al\u0131yoruz. Grev k\u0131r\u0131c\u0131l\u0131\u011f\u0131 yapanlar\u0131 a\u00e7\u0131k\u00e7a uyar\u0131yorum: Yapt\u0131\u011f\u0131n\u0131z su\u00e7tur! Bug\u00fcn hata i\u015fleyenler, yar\u0131n hukukun \u00f6n\u00fcnde hesap vermekten ka\u00e7amaz. Biz bu hukuksuzlu\u011fun kar\u015f\u0131s\u0131nda, i\u015f\u00e7ilerin yan\u0131nday\u0131z.\u201d<\/p>\n<p>T\u00fcrk-\u0130\u015f\u2019e ba\u011fl\u0131 Koop-\u0130\u015f Sendikas\u0131 taraf\u0131ndan \u00f6rg\u00fctlenen SYDV grevi, kamuoyunda yank\u0131 uyand\u0131r\u0131rken, siyasi partilerden ve \u00e7e\u015fitli emek \u00f6rg\u00fctlerinden takviye a\u00e7\u0131klamalar\u0131 gelmeye devam ediyor. CHP lideri \u00d6zel\u2019in a\u00e7\u0131klamas\u0131, grevdeki i\u015f\u00e7ilere y\u00f6nelik birinci \u00fcst seviye muhalefet dayana\u011f\u0131 olarak kayda ge\u00e7ti.<\/p>\n","protected":false},"excerpt":{"rendered":"<p>CHP Genel Ba\u015fkan\u0131 \u00d6zg\u00fcr \u00d6zel, Aile ve Toplumsal Hizmetler Bakanl\u0131\u011f\u0131\u2019na ba\u011fl\u0131 Toplumsal Yard\u0131mla\u015fma ve Dayan\u0131\u015fma Vakf\u0131\u2019nda (SYDV) s\u00fcren grevle ilgili a\u00e7\u0131klamada bulunarak, grev k\u0131r\u0131c\u0131l\u0131\u011f\u0131na kar\u015f\u0131 ikazda bulundu. Toplumsal medya hesab\u0131ndan payla\u015f\u0131m yapan \u00d6zel, \u201cGrev hakk\u0131na ak\u0131n, demokrasiye atakt\u0131r. Bu hukuksuzlu\u011fun kar\u015f\u0131s\u0131nda i\u015f\u00e7ilerin yan\u0131nday\u0131z\u201d tabirlerini kulland\u0131.<\/p>\n","protected":false},"author":1,"featured_media":76466,"comment_status":"open","ping_status":"open","sticky":false,"template":"","format":"standard","meta":{"footnotes":""},"categories":[25],"tags":[1462,2293,524],"class_list":["post-76465","post","type-post","status-publish","format-standard","has-post-thumbnail","hentry","category-gundem","tag-emek","tag-grev","tag-is"],"_links":{"self":[{"href":"https:\/\/ikimisli.tr\/index.php\/wp-json\/wp\/v2\/posts\/76465","targetHints":{"allow":["GET"]}}],"collection":[{"href":"https:\/\/ikimisli.tr\/index.php\/wp-json\/wp\/v2\/posts"}],"about":[{"href":"https:\/\/ikimisli.tr\/index.php\/wp-json\/wp\/v2\/types\/post"}],"author":[{"embeddable":true,"href":"https:\/\/ikimisli.tr\/index.php\/wp-json\/wp\/v2\/users\/1"}],"replies":[{"embeddable":true,"href":"https:\/\/ikimisli.tr\/index.php\/wp-json\/wp\/v2\/comments?post=76465"}],"version-history":[{"count":1,"href":"https:\/\/ikimisli.tr\/index.php\/wp-json\/wp\/v2\/posts\/76465\/revisions"}],"predecessor-version":[{"id":76467,"href":"https:\/\/ikimisli.tr\/index.php\/wp-json\/wp\/v2\/posts\/76465\/revisions\/76467"}],"wp:featuredmedia":[{"embeddable":true,"href":"https:\/\/ikimisli.tr\/index.php\/wp-json\/wp\/v2\/media\/76466"}],"wp:attachment":[{"href":"https:\/\/ikimisli.tr\/index.php\/wp-json\/wp\/v2\/media?parent=76465"}],"wp:term":[{"taxonomy":"category","embeddable":true,"href":"https:\/\/ikimisli.tr\/index.php\/wp-json\/wp\/v2\/categories?post=76465"},{"taxonomy":"post_tag","embeddable":true,"href":"https:\/\/ikimisli.tr\/index.php\/wp-json\/wp\/v2\/tags?post=76465"}],"curies":[{"name":"wp","href":"https:\/\/api.w.org\/{rel}","templated":true}]}}