{"id":7654,"date":"2025-01-28T15:59:43","date_gmt":"2025-01-28T15:59:43","guid":{"rendered":"https:\/\/ikimisli.tr\/?p=7654"},"modified":"2025-01-28T15:59:43","modified_gmt":"2025-01-28T15:59:43","slug":"17-yasinda-oldugunu-soylediklerinde-sok-oldum","status":"publish","type":"post","link":"https:\/\/ikimisli.tr\/index.php\/2025\/01\/28\/17-yasinda-oldugunu-soylediklerinde-sok-oldum\/","title":{"rendered":"&#8217;17 ya\u015f\u0131nda oldu\u011funu s\u00f6ylediklerinde \u015fok oldum&#8217;"},"content":{"rendered":"<p>34 ya\u015f\u0131ndaki orta saha oyuncusu \u0130lkay G\u00fcndo\u011fan, 2023 yaz\u0131nda Barcelona\u2019ya bedelsiz olarak kat\u0131lm\u0131\u015f ve bir y\u0131l sonra Manchester City\u2019ye d\u00f6nerek Katalan grubunun mali durumuna katk\u0131da bulunmu\u015ftu. Bar\u00e7a&#8217;da ge\u00e7irdi\u011fi m\u00fchlet boyunca d\u00fc\u015f\u00fcnceli bir devirden ge\u00e7en G\u00fcndo\u011fan, buna kar\u015f\u0131n liderlik \u00f6zellikleriyle dikkat \u00e7ekti ve saha d\u0131\u015f\u0131ndaki a\u00e7\u0131klamalar\u0131yla gruptaki eksikliklere i\u015faret etti.<\/p>\n<p>\u2018BeerBiceps\u2019 podcast\u2019ine konu\u015fan G\u00fcndo\u011fan, Bar\u00e7a\u2019da oynad\u0131\u011f\u0131 periyotta Real Madrid\u2019e kar\u015f\u0131 bir gol atman\u0131n hissettirdi\u011fi hisleri anlatt\u0131. \u201cCl\u00e1sico\u2019da gol atmak ola\u011fan\u00fcst\u00fc bir duyguydu\u201d diyen deneyimli futbolcu, \u201cAma ne yaz\u0131k ki o ma\u00e7\u0131 gereksiz bir bi\u00e7imde kaybettik. Bu durum biraz hayal k\u0131r\u0131kl\u0131\u011f\u0131 yaratm\u0131\u015ft\u0131\u201d tabirlerini kulland\u0131.<\/p>\n<p><b>&#8217;17 YA\u015eINDA OLDU\u011eUNU \u00d6\u011eREN\u0130NCE \u015eOK OLDUM&#8217;<\/b><\/p>\n<p>G\u00fcndo\u011fan, Barcelona\u2019n\u0131n altyap\u0131s\u0131na da \u00f6vg\u00fcler ya\u011fd\u0131rd\u0131. Bilhassa gen\u00e7 oyuncular\u0131n olgunlu\u011fundan etkilendi\u011fini belirtti. \u201cLamine Yamal\u2019\u0131n yetene\u011fi asl\u0131nda a\u00e7\u0131kt\u0131, lakin Pau Cubars\u00ed\u2019nin durumuna \u00e7ok \u015fa\u015f\u0131rd\u0131m. Birinci geldi\u011fimde onun 21-22 ya\u015flar\u0131nda oldu\u011funu d\u00fc\u015f\u00fcn\u00fcyordum. Lakin 17 ya\u015f\u0131nda oldu\u011funu s\u00f6ylediklerinde \u015fok oldum. Ya\u015f\u0131na nazaran \u00e7ok olgund,\u201d diye konu\u015ftu.\u00a0<\/p>\n<p><img decoding=\"async\" src=\"https:\/\/ikimisli.tr\/wp-content\/uploads\/2025\/01\/17-yasinda-oldugunu-soylediklerinde-sok-oldum-0-ZlzEu4JP.jpg\"\/><\/p>\n<p>G\u00fcndo\u011fan, bu m\u00fc\u015fahedesini Xavi\u2019nin bir yard\u0131mc\u0131s\u0131yla da payla\u015ft\u0131\u011f\u0131n\u0131 ekleyerek La Masia\u2019n\u0131n Bar\u00e7a\u2019n\u0131n kimli\u011fi oldu\u011funu vurgulad\u0131.<\/p>\n<p>Eski Bar\u00e7a oyuncusu, Katalan tak\u0131m\u0131na olan sevgisinin devam etti\u011fini belirtti. \u201cSon Cl\u00e1sico\u2019yu izledim, Bar\u00e7a 4-0 kazand\u0131. Futbolda izlenebilecek en de\u011ferli ma\u00e7lardan biri ve yeniden uzaktan takip edece\u011fim\u201d dedi.<\/p>\n<p>\u00a0<\/p>\n","protected":false},"excerpt":{"rendered":"<p>Eski Barcelona oyuncusu \u0130lkay G\u00fcndo\u011fan, Barcelona&#8217;n\u0131n gen\u00e7 yeteneklerini \u00f6verken, bilhassa Pau Cubars\u00ed\u2019nin olgunlu\u011funa hayran kald\u0131\u011f\u0131n\u0131 a\u00e7\u0131klad\u0131. G\u00fcndo\u011fan, Bar\u00e7a&#8217;daki k\u0131sa fakat a\u011f\u0131r ge\u00e7en bir y\u0131l\u0131n\u0131 ve El Cl\u00e1sico tecr\u00fcbelerini payla\u015ft\u0131.<\/p>\n","protected":false},"author":1,"featured_media":7655,"comment_status":"open","ping_status":"open","sticky":false,"template":"","format":"standard","meta":{"footnotes":""},"categories":[30],"tags":[1888,1889],"class_list":["post-7654","post","type-post","status-publish","format-standard","has-post-thumbnail","hentry","category-spor","tag-barca","tag-gundogan"],"_links":{"self":[{"href":"https:\/\/ikimisli.tr\/index.php\/wp-json\/wp\/v2\/posts\/7654","targetHints":{"allow":["GET"]}}],"collection":[{"href":"https:\/\/ikimisli.tr\/index.php\/wp-json\/wp\/v2\/posts"}],"about":[{"href":"https:\/\/ikimisli.tr\/index.php\/wp-json\/wp\/v2\/types\/post"}],"author":[{"embeddable":true,"href":"https:\/\/ikimisli.tr\/index.php\/wp-json\/wp\/v2\/users\/1"}],"replies":[{"embeddable":true,"href":"https:\/\/ikimisli.tr\/index.php\/wp-json\/wp\/v2\/comments?post=7654"}],"version-history":[{"count":1,"href":"https:\/\/ikimisli.tr\/index.php\/wp-json\/wp\/v2\/posts\/7654\/revisions"}],"predecessor-version":[{"id":7657,"href":"https:\/\/ikimisli.tr\/index.php\/wp-json\/wp\/v2\/posts\/7654\/revisions\/7657"}],"wp:featuredmedia":[{"embeddable":true,"href":"https:\/\/ikimisli.tr\/index.php\/wp-json\/wp\/v2\/media\/7655"}],"wp:attachment":[{"href":"https:\/\/ikimisli.tr\/index.php\/wp-json\/wp\/v2\/media?parent=7654"}],"wp:term":[{"taxonomy":"category","embeddable":true,"href":"https:\/\/ikimisli.tr\/index.php\/wp-json\/wp\/v2\/categories?post=7654"},{"taxonomy":"post_tag","embeddable":true,"href":"https:\/\/ikimisli.tr\/index.php\/wp-json\/wp\/v2\/tags?post=7654"}],"curies":[{"name":"wp","href":"https:\/\/api.w.org\/{rel}","templated":true}]}}