{"id":76579,"date":"2025-09-03T01:08:09","date_gmt":"2025-09-03T01:08:09","guid":{"rendered":"https:\/\/ikimisli.tr\/?p=76579"},"modified":"2025-09-03T01:08:09","modified_gmt":"2025-09-03T01:08:09","slug":"anitkabirde-tartisma-yaratan-goruntu-subaylar-boyle-arandi","status":"publish","type":"post","link":"https:\/\/ikimisli.tr\/index.php\/2025\/09\/03\/anitkabirde-tartisma-yaratan-goruntu-subaylar-boyle-arandi\/","title":{"rendered":"An\u0131tkabir\u2019de tart\u0131\u015fma yaratan g\u00f6r\u00fcnt\u00fc: Subaylar b\u00f6yle arand\u0131"},"content":{"rendered":"<p>30 A\u011fustos Zafer Bayram\u0131 kutlamalar\u0131n\u0131n birinci adresi olan An\u0131tkabir\u2019deki resmi merasime devlet erkan\u0131 ile birlikte \u00e7ok say\u0131da subay astsubay da kat\u0131ld\u0131&#8230;<\/p>\n<p>Cumartesi g\u00fcn\u00fc merasim alan\u0131na, Cumhurba\u015fkan\u0131 Erdo\u011fan lehine slogan atan birtak\u0131m vatanda\u015flar da al\u0131nm\u0131\u015ft\u0131.<\/p>\n<p><b>ARANDILAR<\/b><\/p>\n<p>T\u00f6rene kat\u0131lmak \u00fczere An\u0131tkabir\u2019e gelen subay ve astsubaylar d\u00f6rt farkl\u0131 g\u00fcvenlik noktas\u0131ndan ge\u00e7erek merasime girebildi.<\/p>\n<p>Askerlerin isimleri tek tek denetim edildi, birka\u00e7 noktada \u00fcst aramas\u0131 yap\u0131ld\u0131.<\/p>\n<p>Listede ismi yer almayan askerler ile yanlar\u0131nda e\u015f ve \u00e7ocuklar\u0131yla merasime gelen subay ve astsubaylar geri \u00e7evrildi.<\/p>\n<p>Bu manzaralar\u0131n toplumsal medyada payla\u015f\u0131lmas\u0131, kimi vatanda\u015flar\u0131n yans\u0131s\u0131n\u0131 \u00e7ekti. \u00c7ok say\u0131da reaksiyon iletisi payla\u015f\u0131ld\u0131.<\/p>\n<p><b>TBMM G\u00dcNDEM\u0130NDE<\/b><\/p>\n<p>CHP Zonguldak Milletvekili Aksiyon Ertu\u011f Ertu\u011frul, olay\u0131 TBMM g\u00fcndemine ta\u015f\u0131d\u0131.<\/p>\n<p>Milli Savunma Bakan\u0131 Ya\u015far G\u00fcler\u2019in yan\u0131tlamas\u0131 istemiyle soru \u00f6nergesi veren Ertu\u011frul, uygulaman\u0131n T\u00fcrk Silahl\u0131 Kuvvetleri\u2019nin kurumsal sayg\u0131nl\u0131\u011f\u0131 \u00fczerinde yarataca\u011f\u0131 olumsuz tesirlere dikkat \u00e7ekti.<\/p>\n<p>Eylem Ertu\u011frul, askeri \u00e7al\u0131\u015fan\u0131n aranmas\u0131nda yetkili \u00fcnitenin Merkez Komutanl\u0131\u011f\u0131 oldu\u011funu hat\u0131rlatarak, polis aramas\u0131n\u0131n hangi mevzuata dayand\u0131\u011f\u0131n\u0131 sorgulad\u0131.<\/p>\n","protected":false},"excerpt":{"rendered":"<p>An\u0131tkabir\u2019e gelen subay ve astsubaylar d\u00f6rt g\u00fcvenlik noktas\u0131ndan aranmas\u0131 \u201cKimlik denetimi yetmiyor, askerlerin \u00fcst de aran\u0131yor\u201d kelamlar\u0131yla ele\u015ftirildi&#8230;<\/p>\n","protected":false},"author":1,"featured_media":76580,"comment_status":"open","ping_status":"open","sticky":false,"template":"","format":"standard","meta":{"footnotes":""},"categories":[25],"tags":[1155],"class_list":["post-76579","post","type-post","status-publish","format-standard","has-post-thumbnail","hentry","category-gundem","tag-toren"],"_links":{"self":[{"href":"https:\/\/ikimisli.tr\/index.php\/wp-json\/wp\/v2\/posts\/76579","targetHints":{"allow":["GET"]}}],"collection":[{"href":"https:\/\/ikimisli.tr\/index.php\/wp-json\/wp\/v2\/posts"}],"about":[{"href":"https:\/\/ikimisli.tr\/index.php\/wp-json\/wp\/v2\/types\/post"}],"author":[{"embeddable":true,"href":"https:\/\/ikimisli.tr\/index.php\/wp-json\/wp\/v2\/users\/1"}],"replies":[{"embeddable":true,"href":"https:\/\/ikimisli.tr\/index.php\/wp-json\/wp\/v2\/comments?post=76579"}],"version-history":[{"count":1,"href":"https:\/\/ikimisli.tr\/index.php\/wp-json\/wp\/v2\/posts\/76579\/revisions"}],"predecessor-version":[{"id":76581,"href":"https:\/\/ikimisli.tr\/index.php\/wp-json\/wp\/v2\/posts\/76579\/revisions\/76581"}],"wp:featuredmedia":[{"embeddable":true,"href":"https:\/\/ikimisli.tr\/index.php\/wp-json\/wp\/v2\/media\/76580"}],"wp:attachment":[{"href":"https:\/\/ikimisli.tr\/index.php\/wp-json\/wp\/v2\/media?parent=76579"}],"wp:term":[{"taxonomy":"category","embeddable":true,"href":"https:\/\/ikimisli.tr\/index.php\/wp-json\/wp\/v2\/categories?post=76579"},{"taxonomy":"post_tag","embeddable":true,"href":"https:\/\/ikimisli.tr\/index.php\/wp-json\/wp\/v2\/tags?post=76579"}],"curies":[{"name":"wp","href":"https:\/\/api.w.org\/{rel}","templated":true}]}}