{"id":76664,"date":"2025-09-03T05:44:10","date_gmt":"2025-09-03T05:44:10","guid":{"rendered":"https:\/\/ikimisli.tr\/?p=76664"},"modified":"2025-09-03T05:44:10","modified_gmt":"2025-09-03T05:44:10","slug":"akpnin-kaybettigi-belediyede-soke-eden-goruntu-5-yil-bu-sekilde-para-kazanmislar","status":"publish","type":"post","link":"https:\/\/ikimisli.tr\/index.php\/2025\/09\/03\/akpnin-kaybettigi-belediyede-soke-eden-goruntu-5-yil-bu-sekilde-para-kazanmislar\/","title":{"rendered":"AKP&#8217;nin kaybetti\u011fi belediyede \u015foke eden g\u00f6r\u00fcnt\u00fc: &#8216;5 y\u0131l bu \u015fekilde para kazanm\u0131\u015flar&#8217;"},"content":{"rendered":"<p>Belediyeye ili\u015fkin kimi tesislerde, kamu kaynaklar\u0131n\u0131n kullan\u0131larak kripto para madencili\u011fi yap\u0131ld\u0131\u011f\u0131 \u00f6ne s\u00fcr\u00fcld\u00fc.<\/p>\n<p><img decoding=\"async\" src=\"https:\/\/ikimisli.tr\/wp-content\/uploads\/2025\/09\/akpnin-kaybettigi-belediyede-soke-eden-goruntu-5-yil-bu-sekilde-para-kazanmislar-0-G8hnLw1k.png\"\/><\/p>\n<p>Gazeteci Bar\u0131\u015f Pehlivan&#8217;\u0131n aktard\u0131\u011f\u0131 bilgilere nazaran, 2019-2024 y\u0131llar\u0131 ortas\u0131nda Yunus Emre Belediyesi\u2019nin AKP\u2019li idaresi, Yunus Emre Millet \u00c7ar\u015f\u0131&#8217;nda bir d\u00fckkan\u0131n i\u00e7erisinde belediyenin elektrik altyap\u0131s\u0131 ve bili\u015fim sistemlerini, y\u00fcksek g\u00fc\u00e7 t\u00fcketen kripto madencilik ayg\u0131tlar\u0131n\u0131 \u00e7al\u0131\u015ft\u0131rmak i\u00e7in kulland\u0131.<\/p>\n<p><img decoding=\"async\" src=\"https:\/\/ikimisli.tr\/wp-content\/uploads\/2025\/09\/akpnin-kaybettigi-belediyede-soke-eden-goruntu-5-yil-bu-sekilde-para-kazanmislar-1-xzzfUYeQ.jpg\"\/><\/p>\n<p>Bu faaliyetlerin, belediyenin resmi faaliyetleriyle ili\u015fkili olmad\u0131\u011f\u0131 ve kamu kaynaklar\u0131n\u0131n \u00f6zel \u00e7\u0131karlar i\u00e7in suiistimal edildi\u011fi belirtildi.<\/p>\n<p>S\u00f6z konusu madencilik s\u00fcre\u00e7lerinin, belediyenin b\u00fct\u00e7esine ek y\u00fck getirdi\u011fi ve halk\u0131n \u00f6dedi\u011fi vergilerin bu yolla berbata kullan\u0131ld\u0131\u011f\u0131 sav edildi.<\/p>\n<p><b>KR\u0130PTO MADENC\u0130L\u0130\u011e\u0130 NED\u0130R?<\/b><\/p>\n<div><span><span><span>Kripto madencili\u011fi, Bitcoin \u00fczere blockchain tabanl\u0131 kripto paralar\u0131n s\u00fcre\u00e7lerini do\u011frulama ve yeni \u00fcnitelerini \u00fcretme s\u00fcrecidir. Bu s\u00fcre\u00e7, g\u00fc\u00e7l\u00fc bilgisayarlar\u0131n karma\u015f\u0131k matematiksel sorunlar\u0131 \u00e7\u00f6zmesiyle ger\u00e7ekle\u015fir. Madenciler, blockchain a\u011f\u0131na katk\u0131da bulunarak s\u00fcre\u00e7leri onaylar ve kar\u015f\u0131l\u0131\u011f\u0131nda \u00f6d\u00fcl olarak kripto para kazan\u0131r.<\/span><\/span><\/span><\/div>\n<p><b><span><span><span><span>NASIL \u00c7ALI\u015eIR?<\/span><\/span><\/span><\/span><\/b><\/p>\n<ol>\n<li><span><span><span>\u0130\u015flem Do\u011frulama<\/span><\/span><span>: Kripto para a\u011f\u0131nda yap\u0131lan s\u00fcre\u00e7ler, madenciler taraf\u0131ndan toplan\u0131r ve bir blok halinde grupland\u0131r\u0131l\u0131r.<\/span><\/span><\/li>\n<li><span><span><span>Matematiksel Bulmaca<\/span><\/span><span>: Madenciler, y\u00fcksek s\u00fcre\u00e7 g\u00fcc\u00fcne sahip bilgisayarlarla \u201chash\u201d ismi verilen karma\u015f\u0131k sorunlar\u0131 \u00e7\u00f6zer. Bu s\u00fcre\u00e7, y\u00fcksek g\u00fc\u00e7 ve \u00f6zel donan\u0131mlar gerektirir.<\/span><\/span><\/li>\n<li><span><span><span>Blok Ekleme<\/span><\/span><span>: Sorunu birinci \u00e7\u00f6zen madenci, blo\u011fu blockchain\u2019e ekler ve \u00f6d\u00fcl olarak yeni kripto para al\u0131r.<\/span><\/span><\/li>\n<li><span><span><span>Enerji T\u00fcketimi<\/span><\/span><span>: Madencilik, a\u011f\u0131r elektrik kullan\u0131m\u0131 nedeniyle maliyetli bir s\u00fcre\u00e7tir ve \u00e7oklukla \u00f6zel ayg\u0131tlar (ASIC yahut GPU) kullan\u0131l\u0131r.<\/span><\/span><\/li>\n<\/ol>\n<p><span><span><span>Kripto madencili\u011fi, blockchain a\u011flar\u0131n\u0131n g\u00fcvenli\u011fini sa\u011flarken, y\u00fcksek g\u00fc\u00e7 t\u00fcketimi nedeniyle \u00e7evresel tart\u0131\u015fmalara da yol a\u00e7\u0131yor. T\u00fcrkiye\u2019de de bu alana ilgi artarken, kamu kaynaklar\u0131n\u0131n madencilik i\u00e7in kullan\u0131ld\u0131\u011f\u0131na dair arg\u00fcmanlar dikkat \u00e7ekiyor.<\/span><\/span><\/span><\/p>\n<p>\u00a0<\/p>\n","protected":false},"excerpt":{"rendered":"<p>Manisa\u2019n\u0131n Yunus Emre Belediyesi\u2019nde, Adalet ve Kalk\u0131nma Partisi (AKP) idaresinde oldu\u011fu periyotta kripto para madencili\u011fi yap\u0131ld\u0131\u011f\u0131na dair \u00e7arp\u0131c\u0131 bilgiler ortaya \u00e7\u0131kt\u0131.<\/p>\n","protected":false},"author":1,"featured_media":76665,"comment_status":"open","ping_status":"open","sticky":false,"template":"","format":"standard","meta":{"footnotes":""},"categories":[25],"tags":[473,129,2854],"class_list":["post-76664","post","type-post","status-publish","format-standard","has-post-thumbnail","hentry","category-gundem","tag-islem","tag-kripto-para","tag-yuk"],"_links":{"self":[{"href":"https:\/\/ikimisli.tr\/index.php\/wp-json\/wp\/v2\/posts\/76664","targetHints":{"allow":["GET"]}}],"collection":[{"href":"https:\/\/ikimisli.tr\/index.php\/wp-json\/wp\/v2\/posts"}],"about":[{"href":"https:\/\/ikimisli.tr\/index.php\/wp-json\/wp\/v2\/types\/post"}],"author":[{"embeddable":true,"href":"https:\/\/ikimisli.tr\/index.php\/wp-json\/wp\/v2\/users\/1"}],"replies":[{"embeddable":true,"href":"https:\/\/ikimisli.tr\/index.php\/wp-json\/wp\/v2\/comments?post=76664"}],"version-history":[{"count":1,"href":"https:\/\/ikimisli.tr\/index.php\/wp-json\/wp\/v2\/posts\/76664\/revisions"}],"predecessor-version":[{"id":76668,"href":"https:\/\/ikimisli.tr\/index.php\/wp-json\/wp\/v2\/posts\/76664\/revisions\/76668"}],"wp:featuredmedia":[{"embeddable":true,"href":"https:\/\/ikimisli.tr\/index.php\/wp-json\/wp\/v2\/media\/76665"}],"wp:attachment":[{"href":"https:\/\/ikimisli.tr\/index.php\/wp-json\/wp\/v2\/media?parent=76664"}],"wp:term":[{"taxonomy":"category","embeddable":true,"href":"https:\/\/ikimisli.tr\/index.php\/wp-json\/wp\/v2\/categories?post=76664"},{"taxonomy":"post_tag","embeddable":true,"href":"https:\/\/ikimisli.tr\/index.php\/wp-json\/wp\/v2\/tags?post=76664"}],"curies":[{"name":"wp","href":"https:\/\/api.w.org\/{rel}","templated":true}]}}