{"id":76717,"date":"2025-09-03T08:44:10","date_gmt":"2025-09-03T08:44:10","guid":{"rendered":"https:\/\/ikimisli.tr\/?p=76717"},"modified":"2025-09-03T08:44:10","modified_gmt":"2025-09-03T08:44:10","slug":"yobaz-doktor-hakkinda-tartismali-karar","status":"publish","type":"post","link":"https:\/\/ikimisli.tr\/index.php\/2025\/09\/03\/yobaz-doktor-hakkinda-tartismali-karar\/","title":{"rendered":"&#8216;Yobaz&#8217; doktor hakk\u0131nda tart\u0131\u015fmal\u0131 karar"},"content":{"rendered":"<p>Konya&#8217;n\u0131n Meram il\u00e7esinde bulunan Meram Devlet Hastanesi&#8217;nde vazifeli g\u00f6z tabibi Hasan H\u00fcseyin Uysal, g\u00f6z hastal\u0131klar\u0131 poliklini\u011finde muayene olmak \u00fczere hastaneye ba\u015fvuran bir gen\u00e7 k\u0131z\u0131, &#8220;Te\u015fhircileri muayene etmiyorum&#8221; bi\u00e7iminde s\u00f6zlerde bulunarak muayene etmemi\u015fti.<\/p>\n<p>Gen\u00e7 k\u0131z\u0131n cep telefonu kameras\u0131yla kayda ald\u0131\u011f\u0131 o anlar T\u00fcrkiye g\u00fcndemine oturmu\u015ftu.<\/p>\n<p><b>SORU\u015eTURMA BA\u015eLATILMI\u015eTI<\/b><\/p>\n<p>Sosyal medyada payla\u015f\u0131lan imajlar \u00fczerine Konya Valili\u011fi ve Sa\u011fl\u0131k Bakanl\u0131\u011f\u0131 hareket ge\u00e7mi\u015f ve \u0130HH Konya Lideri olan Doktor Hasan H\u00fcseyin Uysal hakk\u0131nda soru\u015fturma ba\u015flat\u0131ld\u0131\u011f\u0131n\u0131 duyurmu\u015ftu.<\/p>\n<p><b>G\u00d6REV\u0130NE DEVAM ED\u0130YOR<\/b><\/p>\n<p>Ya\u015fananlar\u0131n akabinde Hasan H\u00fcseyin Uysal hakk\u0131nda yeni bir geli\u015fme ya\u015fand\u0131. T\u00fcm yans\u0131lara kar\u015f\u0131n Hasan H\u00fcseyin Uysal\u2019\u0131n misyonunun ba\u015f\u0131nda oldu\u011fu ve hasta bakmaya devam etti\u011fi ortaya \u00e7\u0131kt\u0131.<\/p>\n<p>Bir devir Dirili\u015f Postas\u0131 Gazetesi\u2019nde \u00e7al\u0131\u015fan Gazeteci Cengiz \u00c7etinkaya, Hasan H\u00fcseyin Uysal\u2019\u0131 hastanedeki poliklini\u011finde ziyaret ederek foto\u011fraf payla\u015ft\u0131.<\/p>\n<p><img decoding=\"async\" src=\"https:\/\/ikimisli.tr\/wp-content\/uploads\/2025\/09\/yobaz-doktor-hakkinda-tartismali-karar-0-ZKEVHYiU.jpg\"\/><\/p>\n<p>Uysal\u2019a muayene olan \u00c7etinkaya, o anlara ait payla\u015ft\u0131\u011f\u0131 foto\u011frafa \u015fu notu d\u00fc\u015ft\u00fc: \u201cDr. Hasan H\u00fcseyin Uysal hocam misyonunun ba\u015f\u0131ndad\u0131r\u201d<\/p>\n<p><img decoding=\"async\" src=\"https:\/\/ikimisli.tr\/wp-content\/uploads\/2025\/09\/yobaz-doktor-hakkinda-tartismali-karar-1-u3yPe183.jpg\"\/><\/p>\n<p><b>\u0130LK VUKUATI DE\u011e\u0130L<\/b><\/p>\n<p>Daha evvel de 13 ya\u015f\u0131ndaki \u00e7ocuklar\u0131n evlili\u011fini savunan a\u00e7\u0131klamalar\u0131yla b\u00fcy\u00fck reaksiyon toplayan Uysal, hakk\u0131nda idari soru\u015fturma ba\u015flat\u0131lm\u0131\u015ft\u0131.<\/p>\n<p>Bunun sonucunda Numune Hastanesi\u2019ndeki Ba\u015fhekim Yard\u0131mc\u0131l\u0131\u011f\u0131 misyonundan al\u0131nan Uysal daha sonra Meram Devlet Hastanesi&#8217;nde vazifesine devam etmi\u015fti.<\/p>\n<p><b>\u0130SRA\u0130L ASKERLER\u0130N\u0130 MUAYENE ETM\u0130\u015e<\/b><\/p>\n<p>K\u0131yafetinin \u201ca\u00e7\u0131k\u201d oldu\u011funu \u00f6ne s\u00fcrd\u00fc\u011f\u00fc gen\u00e7 k\u0131z\u0131 muayene etmeyi reddeden Doktor Hasan H\u00fcseyin Uysal\u2019\u0131n, \u0130srail ordusunun Gazze\u2019ye yard\u0131m g\u00f6t\u00fcren Mavi Marmara gemisine d\u00fczenledi\u011fi ak\u0131nda yaralanan askerleri tedavi etti\u011fi ortaya \u00e7\u0131km\u0131\u015ft\u0131. Uysal\u2019\u0131n bu \u00e7eli\u015fkili tavr\u0131 da reaksiyon \u00e7ekmi\u015fti.<\/p>\n","protected":false},"excerpt":{"rendered":"<p>Konya Meram Devlet Hastanesi&#8217;nde vazifeli doktor Hasan H\u00fcseyin Uysal, k\u0131yafetinin &#8220;a\u00e7\u0131k&#8221; oldu\u011funu \u00f6ne s\u00fcrd\u00fc\u011f\u00fc gen\u00e7 bir bayan\u0131 muayene etmeyi reddetmi\u015fti. \u0130HH Konya \u015eube Ba\u015fkan\u0131 da olan Uysal, hakk\u0131nda Konya Valili\u011fi\u2019nce soru\u015fturma ba\u015flat\u0131lm\u0131\u015ft\u0131. Uysal\u2019\u0131n misyonuna devam etti\u011fine dair foto\u011fraflar payla\u015f\u0131ld\u0131.<\/p>\n","protected":false},"author":1,"featured_media":76718,"comment_status":"open","ping_status":"open","sticky":false,"template":"","format":"standard","meta":{"footnotes":""},"categories":[25],"tags":[8927,519,2456],"class_list":["post-76717","post","type-post","status-publish","format-standard","has-post-thumbnail","hentry","category-gundem","tag-hasan-huseyin-uysal","tag-hasta","tag-muayene"],"_links":{"self":[{"href":"https:\/\/ikimisli.tr\/index.php\/wp-json\/wp\/v2\/posts\/76717","targetHints":{"allow":["GET"]}}],"collection":[{"href":"https:\/\/ikimisli.tr\/index.php\/wp-json\/wp\/v2\/posts"}],"about":[{"href":"https:\/\/ikimisli.tr\/index.php\/wp-json\/wp\/v2\/types\/post"}],"author":[{"embeddable":true,"href":"https:\/\/ikimisli.tr\/index.php\/wp-json\/wp\/v2\/users\/1"}],"replies":[{"embeddable":true,"href":"https:\/\/ikimisli.tr\/index.php\/wp-json\/wp\/v2\/comments?post=76717"}],"version-history":[{"count":1,"href":"https:\/\/ikimisli.tr\/index.php\/wp-json\/wp\/v2\/posts\/76717\/revisions"}],"predecessor-version":[{"id":76721,"href":"https:\/\/ikimisli.tr\/index.php\/wp-json\/wp\/v2\/posts\/76717\/revisions\/76721"}],"wp:featuredmedia":[{"embeddable":true,"href":"https:\/\/ikimisli.tr\/index.php\/wp-json\/wp\/v2\/media\/76718"}],"wp:attachment":[{"href":"https:\/\/ikimisli.tr\/index.php\/wp-json\/wp\/v2\/media?parent=76717"}],"wp:term":[{"taxonomy":"category","embeddable":true,"href":"https:\/\/ikimisli.tr\/index.php\/wp-json\/wp\/v2\/categories?post=76717"},{"taxonomy":"post_tag","embeddable":true,"href":"https:\/\/ikimisli.tr\/index.php\/wp-json\/wp\/v2\/tags?post=76717"}],"curies":[{"name":"wp","href":"https:\/\/api.w.org\/{rel}","templated":true}]}}