{"id":76771,"date":"2025-09-03T11:44:09","date_gmt":"2025-09-03T11:44:09","guid":{"rendered":"https:\/\/ikimisli.tr\/?p=76771"},"modified":"2025-09-03T11:44:09","modified_gmt":"2025-09-03T11:44:09","slug":"konyada-kan-donduran-goruntuler","status":"publish","type":"post","link":"https:\/\/ikimisli.tr\/index.php\/2025\/09\/03\/konyada-kan-donduran-goruntuler\/","title":{"rendered":"Konya&#8217;da kan donduran g\u00f6r\u00fcnt\u00fcler"},"content":{"rendered":"<p>T\u00fcm T\u00fcrkiye\u2019de tesirli olan \u015fap hastal\u0131\u011f\u0131 en \u00e7ok s\u00fct \u00fcretiminin ger\u00e7ekle\u015fti\u011fi Konya\u2019da da s\u00fcratle yay\u0131l\u0131yor. Bilhassa Ere\u011fli il\u00e7esinde \u00e7abucak hemen \u015fap hastal\u0131\u011f\u0131 bulunmayan i\u015fletme kalmad\u0131. Hayvanlar\u0131 telef olan \u00fcretici, rastgele bir takviye alamamaktan \u015fik\u00e2yet ederken, b\u00f6lgeden gelen manzaralar \u015fap hastal\u0131\u011f\u0131n\u0131n geldi\u011fi boyutu g\u00f6zler \u00f6n\u00fcne serdi.<\/p>\n<p><b>TELEF OLAN HAYVANLAR \u00c7\u00d6PL\u00dc\u011eE ATILDI<\/b><\/p>\n<p>Ere\u011fli Organize Sanayi \u00e7apraz\u0131, cezaevi yan\u0131ndaki eski geri d\u00f6n\u00fc\u015f\u00fcm fabrikas\u0131 yan\u0131nda bulunan alanda telef olan onlarca b\u00fcy\u00fckba\u015f hayvan cep telefonu kameras\u0131na yans\u0131d\u0131. \u015eap hastal\u0131\u011f\u0131 nedeniyle telef olduklar\u0131 \u00f6\u011frenilen b\u00fcy\u00fckba\u015f hayvanlar\u0131n kulaklar\u0131n\u0131n kesildi\u011fi ve bu sebeple kime ili\u015fkin olduklar\u0131n\u0131n \u00f6\u011frenilemedi\u011fi belirtildi.<\/p>\n<p><b>\u201c\u00c7\u0130FT\u0130M\u0130ZE TAKV\u0130YE VER\u0130LMEL\u0130\u201d<\/b><\/p>\n<p>CHP Ere\u011fli \u0130l\u00e7e Ba\u015fkan\u0131 Nejat T\u00fcrkta\u015f, yetkilileri b\u00f6lgedeki \u00fcreticilere dayanak vermeye davet etti. T\u00fcrkte\u015f, \u201cKonya\u2019da en \u00e7ok s\u00fct \u00fcretimi yap\u0131lan il\u00e7emizde b\u00fcy\u00fckba\u015f hayvanlar \u015fap hastal\u0131\u011f\u0131 nedeniyle telef oluyor. \u015eu an neredeyse \u015fap hastal\u0131\u011f\u0131 g\u00f6r\u00fclmeyen i\u015fletme yok diyebiliriz. \u00dcreticilerimiz \u00e7aresiz. Yetkililerin kesinlikle \u00fcreticilerimize sahip \u00e7\u0131karak takviye vermeleri gerekiyor. \u00c7ekilen imgeler \u00e7ok \u00fcz\u00fcc\u00fc. Ola\u011fanda \u015fap hastal\u0131\u011f\u0131ndan telef olan b\u00fcy\u00fckba\u015f hayvanlar i\u00e7in belediyemize bilgi veriliyor. Belediyemizde bu hayvanlar\u0131 kire\u00e7leyerek g\u00f6m\u00fcyor. Lakin burada bir \u00fcreticimiz belediyemize bilgi vermeden kula\u011f\u0131n\u0131 kesti\u011fi telef olan hayvanlar\u0131 buraya b\u0131rak\u0131p gidiyor\u201d dedi.<\/p>\n","protected":false},"excerpt":{"rendered":"<p>T\u00fcrkiye\u2019nin en \u00e7ok s\u00fct \u00fcretiminin yap\u0131ld\u0131\u011f\u0131 Konya\u2019da s\u00fcratle yay\u0131lan \u015fap hastal\u0131\u011f\u0131, \u00fcreticiyi \u00e7aresiz b\u0131rakt\u0131. Bilhassa Konya\u2019n\u0131n Ere\u011fli il\u00e7esinde \u00e7abucak hemen \u015fap hastal\u0131\u011f\u0131 bulunmayan i\u015fletme kalmad\u0131. \u0130l\u00e7ede \u00e7\u00f6pl\u00fck alanda telef olan onlarca b\u00fcy\u00fckba\u015f hayvan\u0131n imgesi kan dondurdu.<\/p>\n","protected":false},"author":1,"featured_media":76772,"comment_status":"open","ping_status":"open","sticky":false,"template":"","format":"standard","meta":{"footnotes":""},"categories":[25],"tags":[1409,4718],"class_list":["post-76771","post","type-post","status-publish","format-standard","has-post-thumbnail","hentry","category-gundem","tag-hayvanlar","tag-sap-hastaligi"],"_links":{"self":[{"href":"https:\/\/ikimisli.tr\/index.php\/wp-json\/wp\/v2\/posts\/76771","targetHints":{"allow":["GET"]}}],"collection":[{"href":"https:\/\/ikimisli.tr\/index.php\/wp-json\/wp\/v2\/posts"}],"about":[{"href":"https:\/\/ikimisli.tr\/index.php\/wp-json\/wp\/v2\/types\/post"}],"author":[{"embeddable":true,"href":"https:\/\/ikimisli.tr\/index.php\/wp-json\/wp\/v2\/users\/1"}],"replies":[{"embeddable":true,"href":"https:\/\/ikimisli.tr\/index.php\/wp-json\/wp\/v2\/comments?post=76771"}],"version-history":[{"count":1,"href":"https:\/\/ikimisli.tr\/index.php\/wp-json\/wp\/v2\/posts\/76771\/revisions"}],"predecessor-version":[{"id":76773,"href":"https:\/\/ikimisli.tr\/index.php\/wp-json\/wp\/v2\/posts\/76771\/revisions\/76773"}],"wp:featuredmedia":[{"embeddable":true,"href":"https:\/\/ikimisli.tr\/index.php\/wp-json\/wp\/v2\/media\/76772"}],"wp:attachment":[{"href":"https:\/\/ikimisli.tr\/index.php\/wp-json\/wp\/v2\/media?parent=76771"}],"wp:term":[{"taxonomy":"category","embeddable":true,"href":"https:\/\/ikimisli.tr\/index.php\/wp-json\/wp\/v2\/categories?post=76771"},{"taxonomy":"post_tag","embeddable":true,"href":"https:\/\/ikimisli.tr\/index.php\/wp-json\/wp\/v2\/tags?post=76771"}],"curies":[{"name":"wp","href":"https:\/\/api.w.org\/{rel}","templated":true}]}}