{"id":76869,"date":"2025-09-03T17:44:07","date_gmt":"2025-09-03T17:44:07","guid":{"rendered":"https:\/\/ikimisli.tr\/?p=76869"},"modified":"2025-09-03T17:44:07","modified_gmt":"2025-09-03T17:44:07","slug":"trabzonspor-deniz-ertas-transferinden-vazgecti","status":"publish","type":"post","link":"https:\/\/ikimisli.tr\/index.php\/2025\/09\/03\/trabzonspor-deniz-ertas-transferinden-vazgecti\/","title":{"rendered":"Trabzonspor Deniz Erta\u015f transferinden vazge\u00e7ti"},"content":{"rendered":"<p>Trabzonspor, rekor bonservis bedeliyle Galatasaray&#8217;a satt\u0131\u011f\u0131 U\u011furcan \u00c7ak\u0131r&#8217;\u0131n yerine kaleci aray\u0131\u015f\u0131na ba\u015flad\u0131. Birinci olarak Konyaspor&#8217;un kap\u0131s\u0131n\u0131 \u00e7alan Trabzonspor \u0130daresi, 2005 do\u011fumlu Deniz Erta\u015f&#8217;\u0131n durumunu sordu.<\/p>\n<p>Konyasporr Kul\u00fcb\u00fc, Deniz Erta\u015f&#8217;\u0131n transferi i\u00e7in Trabzonspor ile g\u00f6r\u00fc\u015fmelere ba\u015fland\u0131\u011f\u0131n\u0131 a\u00e7\u0131klam\u0131\u015ft\u0131. A\u00e7\u0131klamada &#8220;Deniz Erta\u015f&#8217;\u0131n Trabzonspor&#8217;a muhtemel transferi konusunda, Kul\u00fcp Liderimiz \u00d6mer Atiker ve Trabzonspor Ba\u015fkan\u0131 Ertu\u011frul Do\u011fan aras\u0131nda g\u00f6r\u00fc\u015fme yap\u0131lm\u0131\u015ft\u0131r&#8221; denilmi\u015fti.<\/p>\n<p>Ancak Konyaspor&#8217;un gen\u00e7 kaleci i\u00e7in y\u00fcksek bonservis bedeli istemesi nedeniyle Trabzonspor, transferden vazge\u00e7ti.<\/p>\n","protected":false},"excerpt":{"rendered":"<p>Trabzonspor, U\u011furcan \u00c7ak\u0131r&#8217;\u0131n Galatasaray&#8217;a gitmesinin akabinde tak\u0131m\u0131na katmay\u0131 planlad\u0131\u011f\u0131 Deniz Erta\u015f transferinden vazge\u00e7ti.<\/p>\n","protected":false},"author":1,"featured_media":76870,"comment_status":"open","ping_status":"open","sticky":false,"template":"","format":"standard","meta":{"footnotes":""},"categories":[30],"tags":[310],"class_list":["post-76869","post","type-post","status-publish","format-standard","has-post-thumbnail","hentry","category-spor","tag-trabzonspor"],"_links":{"self":[{"href":"https:\/\/ikimisli.tr\/index.php\/wp-json\/wp\/v2\/posts\/76869","targetHints":{"allow":["GET"]}}],"collection":[{"href":"https:\/\/ikimisli.tr\/index.php\/wp-json\/wp\/v2\/posts"}],"about":[{"href":"https:\/\/ikimisli.tr\/index.php\/wp-json\/wp\/v2\/types\/post"}],"author":[{"embeddable":true,"href":"https:\/\/ikimisli.tr\/index.php\/wp-json\/wp\/v2\/users\/1"}],"replies":[{"embeddable":true,"href":"https:\/\/ikimisli.tr\/index.php\/wp-json\/wp\/v2\/comments?post=76869"}],"version-history":[{"count":1,"href":"https:\/\/ikimisli.tr\/index.php\/wp-json\/wp\/v2\/posts\/76869\/revisions"}],"predecessor-version":[{"id":76871,"href":"https:\/\/ikimisli.tr\/index.php\/wp-json\/wp\/v2\/posts\/76869\/revisions\/76871"}],"wp:featuredmedia":[{"embeddable":true,"href":"https:\/\/ikimisli.tr\/index.php\/wp-json\/wp\/v2\/media\/76870"}],"wp:attachment":[{"href":"https:\/\/ikimisli.tr\/index.php\/wp-json\/wp\/v2\/media?parent=76869"}],"wp:term":[{"taxonomy":"category","embeddable":true,"href":"https:\/\/ikimisli.tr\/index.php\/wp-json\/wp\/v2\/categories?post=76869"},{"taxonomy":"post_tag","embeddable":true,"href":"https:\/\/ikimisli.tr\/index.php\/wp-json\/wp\/v2\/tags?post=76869"}],"curies":[{"name":"wp","href":"https:\/\/api.w.org\/{rel}","templated":true}]}}