{"id":77006,"date":"2025-09-04T01:20:07","date_gmt":"2025-09-04T01:20:07","guid":{"rendered":"https:\/\/ikimisli.tr\/?p=77006"},"modified":"2025-09-04T01:20:07","modified_gmt":"2025-09-04T01:20:07","slug":"unlu-oyuncunun-annesi-meclisin-duayen-tercumaniymis","status":"publish","type":"post","link":"https:\/\/ikimisli.tr\/index.php\/2025\/09\/04\/unlu-oyuncunun-annesi-meclisin-duayen-tercumaniymis\/","title":{"rendered":"\u00dcnl\u00fc oyuncunun annesi Meclis&#8217;in duayen terc\u00fcman\u0131ym\u0131\u015f!"},"content":{"rendered":"<p>TBMM\u2019nin yetenekli simultane terc\u00fcman\u0131 Meltem Vural, yakaland\u0131\u011f\u0131 amans\u0131z hastal\u0131\u011f\u0131 yenemedi, hayata veda etti.<\/p>\n<p>1969-1980 y\u0131lar\u0131 ortas\u0131nda \u0130smet \u0130n\u00f6n\u00fc ve B\u00fclent Ecevit ile birlikte Ordu Milletvekili olarak TBMM\u2019de yer alan CHP K\u00fcme Ba\u015fkanvekili Orhan Vural\u2019\u0131n k\u0131z\u0131 olan Meltem Vural, sanat\u00e7\u0131 Nilperi \u015eahinkaya\u2019n\u0131n da annesiydi.<\/p>\n<p><img decoding=\"async\" src=\"https:\/\/ikimisli.tr\/wp-content\/uploads\/2025\/09\/unlu-oyuncunun-annesi-meclisin-duayen-tercumaniymis-0-gvTEizO1.png\"\/><\/p>\n<p>Madagaskar B\u00fcy\u00fckel\u00e7isi Volkan Vural\u2019\u0131n karde\u015fi, Cibuti B\u00fcy\u00fckel\u00e7isi Levent \u015eahinkaya\u2019n\u0131n da eski e\u015fi olan da Vural, bir\u00e7ok de\u011ferli g\u00f6r\u00fc\u015fmede ba\u015fkanlara sim\u00fcltane \u00e7eviri yapt\u0131.<\/p>\n<p>TBMM\u2019de uzun y\u0131llar Karadeniz Ekonomik \u0130\u015fbirli\u011fi (KE\u0130PA) ve Parlamentolararas\u0131 Birlik T\u00fcrk K\u00fcmesinde vazife ald\u0131.<\/p>\n<p><b>\u0130RAN DA REH\u0130N ALINDI<\/b><\/p>\n<p>\u0130ranl\u0131 bir doktor ile evlenen ve bu \u00fclkeyi ziyarete gitti\u011finde e\u015finin akrabalar\u0131 taraf\u0131ndan rehin al\u0131n\u0131p zorla tesett\u00fcre sokulan Meltem Vural, \u0130ran\u2019dan b\u00fcy\u00fck zorluklarla gizlice ka\u00e7m\u0131\u015f ve hudutta g\u00f6zya\u015flar\u0131 i\u00e7inde T\u00fcrk askerine s\u0131\u011f\u0131nm\u0131\u015ft\u0131.<\/p>\n<p><b>KA\u00c7I\u015e \u00d6YK\u00dcS\u00dc<\/b><\/p>\n<p>Vural T\u00fcrkiye\u2019ye d\u00f6nd\u00fckten sonra \u0130ran\u2019da ya\u015fad\u0131klar\u0131n\u0131 ve ka\u00e7\u0131\u015f hikayesini \u2018\u2019\u015eu Da\u011f\u0131n Gerisi \u0130ran\u2019\u2019 isimli bir kitapta toplam\u0131\u015ft\u0131.<\/p>\n<p><img decoding=\"async\" src=\"https:\/\/ikimisli.tr\/wp-content\/uploads\/2025\/09\/unlu-oyuncunun-annesi-meclisin-duayen-tercumaniymis-1-SGaN9I8e.png\"\/><\/p>\n<p>Vural 2. evlili\u011fini de B\u00fcy\u00fckel\u00e7i, Levent \u015eahinkaya ile yapt\u0131. Sanat\u00e7\u0131 Nilperi \u015eahinkaya annesinin mevt haberini \u2018\u2019Can\u0131m annemle verdi\u011fimiz kanser gayretini kaybettik. Benim sevin\u00e7li, i\u00e7i i\u00e7ine s\u0131\u011fmayan minik kelebe\u011fim. Sensiz nas\u0131l yapaca\u011f\u0131m, hayat nas\u0131l mana bulacak bilmiyorum. Sen benim her \u015feyimsin\u2019\u2019 diyerek payla\u015ft\u0131.<\/p>\n<p>Vural, Levent Afet Yolal Camii\u2019nde d\u00fczenlenen cenaze merasimden sonra topra\u011fa verildi<\/p>\n","protected":false},"excerpt":{"rendered":"<p>TBMM\u2019nin usta terc\u00fcman\u0131 Meltem Vural \u00f6mr\u00fcn\u00fc yitirdi. Ba\u015fkanlar\u0131n kula\u011f\u0131ndaki o sakin ses, \u0130ran\u2019da rehin al\u0131n\u0131p ka\u00e7\u0131\u015f\u0131yla da hat\u0131rlanan bir direni\u015f hikayesinin sahibiydi.<\/p>\n","protected":false},"author":1,"featured_media":77007,"comment_status":"open","ping_status":"open","sticky":false,"template":"","format":"standard","meta":{"footnotes":""},"categories":[25],"tags":[138,8649],"class_list":["post-77006","post","type-post","status-publish","format-standard","has-post-thumbnail","hentry","category-gundem","tag-iran","tag-vural"],"_links":{"self":[{"href":"https:\/\/ikimisli.tr\/index.php\/wp-json\/wp\/v2\/posts\/77006","targetHints":{"allow":["GET"]}}],"collection":[{"href":"https:\/\/ikimisli.tr\/index.php\/wp-json\/wp\/v2\/posts"}],"about":[{"href":"https:\/\/ikimisli.tr\/index.php\/wp-json\/wp\/v2\/types\/post"}],"author":[{"embeddable":true,"href":"https:\/\/ikimisli.tr\/index.php\/wp-json\/wp\/v2\/users\/1"}],"replies":[{"embeddable":true,"href":"https:\/\/ikimisli.tr\/index.php\/wp-json\/wp\/v2\/comments?post=77006"}],"version-history":[{"count":1,"href":"https:\/\/ikimisli.tr\/index.php\/wp-json\/wp\/v2\/posts\/77006\/revisions"}],"predecessor-version":[{"id":77010,"href":"https:\/\/ikimisli.tr\/index.php\/wp-json\/wp\/v2\/posts\/77006\/revisions\/77010"}],"wp:featuredmedia":[{"embeddable":true,"href":"https:\/\/ikimisli.tr\/index.php\/wp-json\/wp\/v2\/media\/77007"}],"wp:attachment":[{"href":"https:\/\/ikimisli.tr\/index.php\/wp-json\/wp\/v2\/media?parent=77006"}],"wp:term":[{"taxonomy":"category","embeddable":true,"href":"https:\/\/ikimisli.tr\/index.php\/wp-json\/wp\/v2\/categories?post=77006"},{"taxonomy":"post_tag","embeddable":true,"href":"https:\/\/ikimisli.tr\/index.php\/wp-json\/wp\/v2\/tags?post=77006"}],"curies":[{"name":"wp","href":"https:\/\/api.w.org\/{rel}","templated":true}]}}