{"id":77231,"date":"2025-09-04T13:32:15","date_gmt":"2025-09-04T13:32:15","guid":{"rendered":"https:\/\/ikimisli.tr\/?p=77231"},"modified":"2025-09-04T13:32:15","modified_gmt":"2025-09-04T13:32:15","slug":"unlu-otomotiv-devinden-sok-karar-iki-sevilen-model-artik-uretilmeyecek","status":"publish","type":"post","link":"https:\/\/ikimisli.tr\/index.php\/2025\/09\/04\/unlu-otomotiv-devinden-sok-karar-iki-sevilen-model-artik-uretilmeyecek\/","title":{"rendered":"\u00dcnl\u00fc otomotiv devinden \u015fok karar: \u0130ki sevilen model art\u0131k \u00fcretilmeyecek"},"content":{"rendered":"<p>Alman araba devi Porsche, araba tutkunlar\u0131n\u0131n yak\u0131ndan takip etti\u011fi Boxster ve Cayman modellerini \u00fcretimden kald\u0131rd\u0131\u011f\u0131n\u0131 a\u00e7\u0131klad\u0131. \u0130\u00e7ten yanmal\u0131 motora sahip bu iki efsane, elektrikli d\u00f6n\u00fc\u015f\u00fcm s\u00fcrecine kurban gitti.<\/p>\n<p><b>ELEKTR\u0130KL\u0130 \u00c7A\u011eA AHENK S\u00dcREC\u0130\u00a0<\/b><\/p>\n<p>Son y\u0131llarda araba pazar\u0131 s\u00fcratle elektrikli modellere kayarken, Porsche de bu de\u011fi\u015fime kay\u0131ts\u0131z kalmad\u0131. Tesla\u2019n\u0131n Model S ve X \u00fcretimini durdurmas\u0131n\u0131n akabinde, Porsche de benzeri bir ad\u0131m atarak iki tan\u0131nan spor modelinin sipari\u015f kanallar\u0131n\u0131 kapatt\u0131.<\/p>\n<p><b>SON S\u0130PAR\u0130\u015eLER 2026&#8217;YA KADAR<\/b><\/p>\n<p>Porsche\u2019nin resmi a\u00e7\u0131klamas\u0131nda \u00fcretimin tam olarak ne vakit bitece\u011fi netle\u015fmese de kulislerde mevcut sipari\u015flerin 2026\u2019ya kadar teslim edilece\u011fi konu\u015fuluyor. Uzmanlara nazaran son \u00fcretilen akaryak\u0131tl\u0131 718 Boxster ve Cayman\u2019lar, ileride koleksiyon k\u0131ymeti ta\u015f\u0131yacak.<\/p>\n<p><b>AVRUPA&#8217;DA SATI\u015eLAR ESASEN SONA ERM\u0130\u015eT\u0130<\/b><\/p>\n<p>Asl\u0131nda bu karar\u0131n birinci sinyalleri daha evvel verilmi\u015fti. Avrupa Birli\u011fi\u2019nin yeni siber g\u00fcvenlik reg\u00fclasyonlar\u0131na ahenk sa\u011flanamamas\u0131 nedeniyle 2024 ba\u015f\u0131nda modellerin Avrupa\u2019daki sat\u0131\u015flar\u0131 bitmi\u015fti. Global kararla birlikte art\u0131k d\u00fcnyada da bu iki modelin sayfas\u0131 kapand\u0131.<\/p>\n<p><b>ELEKTR\u0130KL\u0130 VERS\u0130YONLAR YOLDA<\/b><\/p>\n<p>Porsche, Boxster ve Cayman isimlerini b\u00fcsb\u00fct\u00fcn tarihe g\u00f6mmek yerine, elektrikli \u00e7a\u011fda ya\u015fatmay\u0131 hedefliyor. \u0130ki modelin elektrikli versiyonlar\u0131 i\u00e7in test s\u00fcr\u00fc\u015fleri \u00e7oktan ba\u015flad\u0131. Tek motorlu geriden iti\u015fli ve \u00e7ift motorlu d\u00f6rt \u00e7eker se\u00e7enekleriyle 2026\u2019da yollara \u00e7\u0131kmalar\u0131 bekleniyor.<\/p>\n<p><b>PERFORMANS BEKLENT\u0130S\u0130 Y\u00dcKSEK\u00a0<\/b><\/p>\n<p>Teknik ayr\u0131nt\u0131lar \u015fimdi payla\u015f\u0131lmasa da, yeni jenerasyon elektrikli Boxster ve Cayman\u2019\u0131n performans bak\u0131m\u0131ndan akaryak\u0131tl\u0131 versiyonlar\u0131n\u0131 geride b\u0131rakaca\u011f\u0131 \u00f6ng\u00f6r\u00fcl\u00fcyor. B\u00f6ylelikle Porsche, hem tutkunlar\u0131n\u0131 hem de \u00e7evreci trendleri t\u0131pk\u0131 potada bulu\u015fturmay\u0131 hedefliyor.<\/p>\n<p><b>YEN\u0130 PER\u0130YODUN BA\u015eLANGICI\u00a0<\/b><\/p>\n<p>Porsche\u2019nin ald\u0131\u011f\u0131 bu karar, araba dal\u0131nda i\u00e7ten yanmal\u0131 motorlar\u0131n sonunun giderek yakla\u015ft\u0131\u011f\u0131n\u0131 bir defa daha g\u00f6sterdi. Boxster ve Cayman akaryak\u0131tl\u0131 olarak tarihe kar\u0131\u015f\u0131rken, markan\u0131n elektrikli ata\u011f\u0131 spor araba severler i\u00e7in yeni bir heyecan\u0131n kap\u0131s\u0131n\u0131 aral\u0131yor.<\/p>\n<p>\u00a0<\/p>\n","protected":false},"excerpt":{"rendered":"<p>L\u00fcks araba d\u00fcnyas\u0131n\u0131n simge markas\u0131 Porsche, y\u0131llard\u0131r hayranl\u0131k uyand\u0131ran iki spor modelinin \u00fcretimine son verdi. Markan\u0131n elektrikli gelece\u011fe odaklanan stratejisiyle birlikte Boxster ve Cayman art\u0131k yollarda yerini yeni ku\u015fak elektriklilere b\u0131rakacak.<\/p>\n","protected":false},"author":1,"featured_media":77232,"comment_status":"open","ping_status":"open","sticky":false,"template":"","format":"standard","meta":{"footnotes":""},"categories":[28],"tags":[4214,1521,128,5754],"class_list":["post-77231","post","type-post","status-publish","format-standard","has-post-thumbnail","hentry","category-otomobil","tag-elektrikli","tag-model","tag-otomobil","tag-porsche"],"_links":{"self":[{"href":"https:\/\/ikimisli.tr\/index.php\/wp-json\/wp\/v2\/posts\/77231","targetHints":{"allow":["GET"]}}],"collection":[{"href":"https:\/\/ikimisli.tr\/index.php\/wp-json\/wp\/v2\/posts"}],"about":[{"href":"https:\/\/ikimisli.tr\/index.php\/wp-json\/wp\/v2\/types\/post"}],"author":[{"embeddable":true,"href":"https:\/\/ikimisli.tr\/index.php\/wp-json\/wp\/v2\/users\/1"}],"replies":[{"embeddable":true,"href":"https:\/\/ikimisli.tr\/index.php\/wp-json\/wp\/v2\/comments?post=77231"}],"version-history":[{"count":1,"href":"https:\/\/ikimisli.tr\/index.php\/wp-json\/wp\/v2\/posts\/77231\/revisions"}],"predecessor-version":[{"id":77233,"href":"https:\/\/ikimisli.tr\/index.php\/wp-json\/wp\/v2\/posts\/77231\/revisions\/77233"}],"wp:featuredmedia":[{"embeddable":true,"href":"https:\/\/ikimisli.tr\/index.php\/wp-json\/wp\/v2\/media\/77232"}],"wp:attachment":[{"href":"https:\/\/ikimisli.tr\/index.php\/wp-json\/wp\/v2\/media?parent=77231"}],"wp:term":[{"taxonomy":"category","embeddable":true,"href":"https:\/\/ikimisli.tr\/index.php\/wp-json\/wp\/v2\/categories?post=77231"},{"taxonomy":"post_tag","embeddable":true,"href":"https:\/\/ikimisli.tr\/index.php\/wp-json\/wp\/v2\/tags?post=77231"}],"curies":[{"name":"wp","href":"https:\/\/api.w.org\/{rel}","templated":true}]}}