{"id":77455,"date":"2025-09-05T02:08:03","date_gmt":"2025-09-05T02:08:03","guid":{"rendered":"https:\/\/ikimisli.tr\/?p=77455"},"modified":"2025-09-05T02:08:03","modified_gmt":"2025-09-05T02:08:03","slug":"fatih-altaylidan-bomba-gursel-tekin-iddiasi","status":"publish","type":"post","link":"https:\/\/ikimisli.tr\/index.php\/2025\/09\/05\/fatih-altaylidan-bomba-gursel-tekin-iddiasi\/","title":{"rendered":"Fatih Altayl\u0131&#8217;dan bomba &#8216;G\u00fcrsel Tekin&#8217; iddias\u0131"},"content":{"rendered":"<p>\u0130stanbul 45. Asliye Hukuk Mahkemesi taraf\u0131ndan CHP \u0130stanbul Vilayet Ba\u015fkanl\u0131\u011f\u0131&#8217;na kayyum olarak atanan G\u00fcrsel Tekin&#8217;e y\u00f6nelik reaksiyonlar s\u00fcr\u00fcyor. Tekin, mahkeme karar\u0131ndan evvelden haberi olmad\u0131\u011f\u0131n\u0131 ve geli\u015fmeyi televizyon arac\u0131l\u0131\u011f\u0131yla \u00f6\u011frendi\u011fini savunmu\u015ftu. Lakin, karar\u0131n a\u00e7\u0131klanmas\u0131ndan bir g\u00fcn evvel CHP \u00fcyelik aidat\u0131n\u0131 \u00f6demesi dikkat \u00e7ekmi\u015fti.<\/p>\n<p>Mahkeme karar\u0131n\u0131 kabul etti\u011fini belirten Tekin, d\u00fcn yapt\u0131\u011f\u0131 a\u00e7\u0131klamada \u00e7al\u0131\u015fmalar\u0131na ba\u015flad\u0131\u011f\u0131n\u0131 s\u00f6z etti. Ayr\u0131yeten, misyonunu y\u00fcr\u00fctmek i\u00e7in binaya girmesine gerek olmad\u0131\u011f\u0131n\u0131 da vurgulad\u0131.<\/p>\n<p>&#8220;5 G\u00dcND\u00dcR BU KARARI BEKL\u0130YORMU\u015e&#8221;<\/p>\n<p>Tutuklu gazeteci Fatih Altayl\u0131, Silivri\u2019den k\u0131ymetli bir sav payla\u015ft\u0131. Altayl\u0131\u2019n\u0131n aktard\u0131\u011f\u0131na nazaran, G\u00fcrsel Tekin kayyum olarak atanaca\u011f\u0131ndan 5 g\u00fcnd\u00fcr haberdar ve listesini de kendisi haz\u0131rlad\u0131.<\/p>\n<p>Altayl\u0131, tezini \u015fu s\u00f6zlerle lisana getirdi:<\/p>\n<p>-Bu karar ve kayyum atanmas\u0131 \u00f6ncesinde mahkeme ge\u00e7en hafta G\u00fcrsel Tekin ile temasa ge\u00e7mi\u015f.<\/p>\n<p>-Kayyum listesini Tekin haz\u0131rlam\u0131\u015f. G\u00fcrsel Bey 5 g\u00fcnd\u00fcr bu karar\u0131 ve kayyum olarak atanaca\u011f\u0131n\u0131 biliyor ve kestirim ediyormu\u015f.<\/p>\n","protected":false},"excerpt":{"rendered":"<p>Tutuklu gazeteci Fatih Altayl\u0131, CHP \u0130stanbul Vilayet Ba\u015fkanl\u0131\u011f\u0131&#8217;na mahkeme karar\u0131yla kayyum olarak atanan G\u00fcrsel Tekin&#8217;in, kayyum atanaca\u011f\u0131ndan be\u015f g\u00fcn evvel haberdar oldu\u011funu ve bu s\u00fcre\u00e7te kendi listesini haz\u0131rlad\u0131\u011f\u0131n\u0131 tez etti.<\/p>\n","protected":false},"author":1,"featured_media":77456,"comment_status":"open","ping_status":"open","sticky":false,"template":"","format":"standard","meta":{"footnotes":""},"categories":[25],"tags":[488,303,4885],"class_list":["post-77455","post","type-post","status-publish","format-standard","has-post-thumbnail","hentry","category-gundem","tag-karari","tag-kayyum","tag-tekin"],"_links":{"self":[{"href":"https:\/\/ikimisli.tr\/index.php\/wp-json\/wp\/v2\/posts\/77455","targetHints":{"allow":["GET"]}}],"collection":[{"href":"https:\/\/ikimisli.tr\/index.php\/wp-json\/wp\/v2\/posts"}],"about":[{"href":"https:\/\/ikimisli.tr\/index.php\/wp-json\/wp\/v2\/types\/post"}],"author":[{"embeddable":true,"href":"https:\/\/ikimisli.tr\/index.php\/wp-json\/wp\/v2\/users\/1"}],"replies":[{"embeddable":true,"href":"https:\/\/ikimisli.tr\/index.php\/wp-json\/wp\/v2\/comments?post=77455"}],"version-history":[{"count":1,"href":"https:\/\/ikimisli.tr\/index.php\/wp-json\/wp\/v2\/posts\/77455\/revisions"}],"predecessor-version":[{"id":77457,"href":"https:\/\/ikimisli.tr\/index.php\/wp-json\/wp\/v2\/posts\/77455\/revisions\/77457"}],"wp:featuredmedia":[{"embeddable":true,"href":"https:\/\/ikimisli.tr\/index.php\/wp-json\/wp\/v2\/media\/77456"}],"wp:attachment":[{"href":"https:\/\/ikimisli.tr\/index.php\/wp-json\/wp\/v2\/media?parent=77455"}],"wp:term":[{"taxonomy":"category","embeddable":true,"href":"https:\/\/ikimisli.tr\/index.php\/wp-json\/wp\/v2\/categories?post=77455"},{"taxonomy":"post_tag","embeddable":true,"href":"https:\/\/ikimisli.tr\/index.php\/wp-json\/wp\/v2\/tags?post=77455"}],"curies":[{"name":"wp","href":"https:\/\/api.w.org\/{rel}","templated":true}]}}