{"id":77471,"date":"2025-09-05T02:56:04","date_gmt":"2025-09-05T02:56:04","guid":{"rendered":"https:\/\/ikimisli.tr\/?p=77471"},"modified":"2025-09-05T02:56:04","modified_gmt":"2025-09-05T02:56:04","slug":"sahilde-bir-gece-belirdi-kimse-ne-oldugunu-anlamadi","status":"publish","type":"post","link":"https:\/\/ikimisli.tr\/index.php\/2025\/09\/05\/sahilde-bir-gece-belirdi-kimse-ne-oldugunu-anlamadi\/","title":{"rendered":"Sahilde bir gece belirdi, kimse ne oldu\u011funu anlamad\u0131"},"content":{"rendered":"<p>Galler&#8217;deki Cefn Sidan Plaj\u0131&#8217;nda sabah saatlerinde ortaya \u00e7\u0131kan dev kal\u0131nt\u0131n\u0131n, b\u00fcy\u00fck bir deniz canl\u0131s\u0131na ili\u015fkin oldu\u011fu izlenimi a\u011f\u0131r bast\u0131. yar\u0131 \u00e7\u00fcr\u00fcm\u00fc\u015f haldeki iskelette kaburgalara benzeri kemikler ve et kesimleri g\u00f6r\u00fcld\u00fc ki bu da balina olabilece\u011fi istikametinde fikirleri g\u00fc\u00e7l\u00fc k\u0131ld\u0131.<\/p>\n<p><img decoding=\"async\" src=\"https:\/\/ikimisli.tr\/wp-content\/uploads\/2025\/09\/sahilde-bir-gece-belirdi-kimse-ne-oldugunu-anlamadi-0-eBqfN3Y1.jpg\"\/><\/p>\n<p><b>KISA M\u00dcDDETTE MERAK KONUSU OLDU<\/b><\/p>\n<p>Ancak k\u0131y\u0131ya vuran ve tan\u0131mlanamayan canl\u0131, plaj\u0131n uzunlu\u011fu ve ho\u015flu\u011fuyla bilinen b\u00f6lgede k\u0131sa m\u00fcddette merak konusu oldu. Uzman gruplar\u0131n inceleme yapmas\u0131 ve evvel canl\u0131y\u0131, akabinde mevt nedenini belirlemesi bekleniyor. Deniz canl\u0131lar\u0131n\u0131n bu halde k\u0131y\u0131ya vurmas\u0131 ekseriyetle beslenme yetersizli\u011fi ya da deniz kirlili\u011fi ile ili\u015fkilendiriliyor.<\/p>\n<p><b>BENZER HAD\u0130SELER DAHA EVVEL DE YA\u015eANDI<\/b><\/p>\n<p>Bu olay, son devirde Britanya k\u0131y\u0131lar\u0131nda g\u00f6r\u00fclen birinci gizemli olay de\u011fil. Y\u0131l\u0131n ba\u015f\u0131nda \u0130sko\u00e7ya&#8217;daki Ardeer Plaj\u0131&#8217;nda bir k\u00f6pek gezdiricisi, ba\u015f\u0131 ve karn\u0131 olmayan y\u0131lan gibisi dev bir yarat\u0131k bulmu\u015ftu. Birinci bak\u0131\u015fta deniz canl\u0131s\u0131 san\u0131lsa da uzmanlar, bunun b\u00fcy\u00fck ihtimalle bir piton ya da boa y\u0131lan\u0131 olabilece\u011fini a\u00e7\u0131klad\u0131.<\/p>\n<p><img decoding=\"async\" src=\"https:\/\/ikimisli.tr\/wp-content\/uploads\/2025\/09\/sahilde-bir-gece-belirdi-kimse-ne-oldugunu-anlamadi-1-1iSPuWOV.jpg\"\/><\/p>\n<p>Ge\u00e7mi\u015fte Galler&#8217;in farkl\u0131 bir plaj\u0131nda ise &#8220;uzayl\u0131ya benzeyen&#8221; tuhaf bir canl\u0131 k\u0131y\u0131ya vurmu\u015ftu. \u0130ncelemeler sonucunda ise bunun asl\u0131nda bir \u00e7e\u015fit deniz kurdu olan &#8220;sea mouse&#8221; (deniz faresi) oldu\u011fu ortaya \u00e7\u0131km\u0131\u015ft\u0131. Bu canl\u0131lar, kendilerinin \u00fc\u00e7 kat\u0131 b\u00fcy\u00fckl\u00fc\u011f\u00fcndeki avlar\u0131n\u0131 bile yiyebilmeleriyle bilinen y\u0131rt\u0131c\u0131lar&#8230; Fakat g\u00f6r\u00fcnt\u00fclenmeleri, bilhassa karada g\u00f6r\u00fcnmeleri hayli ender.<\/p>\n","protected":false},"excerpt":{"rendered":"<p>\u0130ngiltere&#8217;nin tan\u0131nan plajlar\u0131ndan birinde k\u0131y\u0131ya vuran devasa bir &#8216;yarat\u0131k&#8217;, hem b\u00f6lge halk\u0131n\u0131 hem de tatilcileri \u015fa\u015fk\u0131na \u00e7evirdi. Cismi dakikalarca inceleyenler, lakin fikir y\u00fcr\u00fctebildi&#8230;<\/p>\n","protected":false},"author":1,"featured_media":77472,"comment_status":"open","ping_status":"open","sticky":false,"template":"","format":"standard","meta":{"footnotes":""},"categories":[43],"tags":[5259,105],"class_list":["post-77471","post","type-post","status-publish","format-standard","has-post-thumbnail","hentry","category-dunya","tag-canli","tag-deniz"],"_links":{"self":[{"href":"https:\/\/ikimisli.tr\/index.php\/wp-json\/wp\/v2\/posts\/77471","targetHints":{"allow":["GET"]}}],"collection":[{"href":"https:\/\/ikimisli.tr\/index.php\/wp-json\/wp\/v2\/posts"}],"about":[{"href":"https:\/\/ikimisli.tr\/index.php\/wp-json\/wp\/v2\/types\/post"}],"author":[{"embeddable":true,"href":"https:\/\/ikimisli.tr\/index.php\/wp-json\/wp\/v2\/users\/1"}],"replies":[{"embeddable":true,"href":"https:\/\/ikimisli.tr\/index.php\/wp-json\/wp\/v2\/comments?post=77471"}],"version-history":[{"count":1,"href":"https:\/\/ikimisli.tr\/index.php\/wp-json\/wp\/v2\/posts\/77471\/revisions"}],"predecessor-version":[{"id":77475,"href":"https:\/\/ikimisli.tr\/index.php\/wp-json\/wp\/v2\/posts\/77471\/revisions\/77475"}],"wp:featuredmedia":[{"embeddable":true,"href":"https:\/\/ikimisli.tr\/index.php\/wp-json\/wp\/v2\/media\/77472"}],"wp:attachment":[{"href":"https:\/\/ikimisli.tr\/index.php\/wp-json\/wp\/v2\/media?parent=77471"}],"wp:term":[{"taxonomy":"category","embeddable":true,"href":"https:\/\/ikimisli.tr\/index.php\/wp-json\/wp\/v2\/categories?post=77471"},{"taxonomy":"post_tag","embeddable":true,"href":"https:\/\/ikimisli.tr\/index.php\/wp-json\/wp\/v2\/tags?post=77471"}],"curies":[{"name":"wp","href":"https:\/\/api.w.org\/{rel}","templated":true}]}}