{"id":77514,"date":"2025-09-05T05:20:04","date_gmt":"2025-09-05T05:20:04","guid":{"rendered":"https:\/\/ikimisli.tr\/?p=77514"},"modified":"2025-09-05T05:20:04","modified_gmt":"2025-09-05T05:20:04","slug":"ihrac-edilecek-bir-eski-genel-baskan-sinavi-mi-var-kapida","status":"publish","type":"post","link":"https:\/\/ikimisli.tr\/index.php\/2025\/09\/05\/ihrac-edilecek-bir-eski-genel-baskan-sinavi-mi-var-kapida\/","title":{"rendered":"\u0130hra\u00e7 edilecek bir eski genel ba\u015fkan s\u0131nav\u0131 m\u0131 var kap\u0131da?"},"content":{"rendered":"<p>Can Co\u015fkun, &#8220;G\u00fcrsel Tekin ve jet s\u00fcratiyle ihra\u00e7 \u00f6rne\u011fi&#8230; Oldu ya, K\u0131l\u0131\u00e7daro\u011flu kayyum atan\u0131r ve bunu \u201cg\u00fcvenli limana kadar\u201d diyerek kabul ederse&#8230; \u0130hra\u00e7 edilecek bir eski genel ba\u015fkan s\u0131nav\u0131 m\u0131 var kap\u0131da?&#8221; sorusunu g\u00fcndeme getirdi.<\/p>\n<p>Can Co\u015fkun Korkusuz&#8217;da kaleme ald\u0131\u011f\u0131 yaz\u0131da \u015fu tabirlere yer verdi:<\/p>\n<p>CHP \u0130stanbul\u2019a kayyum atama karar\u0131yla birlikte yakla\u015fan kurultay davas\u0131na ait yap\u0131lan \u00e7\u0131kar\u0131mlar artt\u0131.<\/p>\n<p>\u0130ki g\u00f6r\u00fc\u015f dillendiriliyor.<\/p>\n<p>CHP\u2019ye dair ablukan\u0131n sertle\u015fece\u011fini aylard\u0131r yazan-\u00e7izenler a\u00e7\u0131s\u0131ndan durum net. Bu g\u00f6r\u00fc\u015fe nazaran; mutlak butlan ve Kemal K\u0131l\u0131\u00e7daro\u011flu\u2019nun genel merkeze kayyum olarak g\u00f6nderilece\u011fi muhakkak oldu.<\/p>\n<p>AK Parti\u2019nin vakit zaman kamuoyunu tartmak i\u00e7in kulland\u0131\u011f\u0131 k\u00f6\u015feciler ise \u0130stanbul karar\u0131yla asl\u0131nda kayyum ihtimalinin kalmad\u0131\u011f\u0131n\u0131, K\u0131l\u0131\u00e7daro\u011flu\u2019nun atanmayaca\u011f\u0131n\u0131 ve bir davet heyetinin partiyi kurultaya ta\u015f\u0131yaca\u011f\u0131n\u0131 savunur haldeler. Do\u011frusu bu k\u00f6\u015fecilerin neden bu ihtimali yazmaya ba\u015flad\u0131klar\u0131n\u0131 anlamad\u0131m.<\/p>\n<p>Hem de hi\u00e7 gere\u011fi yokken&#8230; Kurultay davas\u0131nda \u015fu kadar vakit kalm\u0131\u015fken, iktidar neden kayyum ile davet heyetinin fark\u0131n\u0131 anlatma s\u0131k\u0131nt\u0131s\u0131na d\u00fc\u015ft\u00fc ki?<\/p>\n<p>40 y\u0131l sonra b\u00fcy\u00fck zafer kazanan CHP lideri oradan indirilirse, form\u00fcl\u00fcn ismi ne olursa olsun tarihe nas\u0131l ge\u00e7ece\u011fi a\u015fikar. T\u0131pk\u0131 CHP\u2019nin Cumhurba\u015fkan\u0131 aday\u0131 \u0130mamo\u011flu \u00f6rne\u011finde oldu\u011fu \u00fczere&#8230;<\/p>\n<p>Ankara\u2019dan birileri, bu yaz\u0131lar\u0131n \u201cpazarl\u0131\u011fa gelin\u201d bildirisi ta\u015f\u0131d\u0131\u011f\u0131n\u0131 d\u00fc\u015f\u00fcn\u00fcyor olmal\u0131.<\/p>\n<p>\u00d6te yandan; yaz\u0131n\u0131n ba\u015fl\u0131\u011f\u0131na d\u00f6necek olursak&#8230; G\u00fcrsel Tekin ve jet s\u00fcratiyle ihra\u00e7 \u00f6rne\u011fi&#8230; Oldu ya, K\u0131l\u0131\u00e7daro\u011flu kayyum atan\u0131r ve bunu \u201cg\u00fcvenli limana kadar\u201d diyerek kabul ederse&#8230; \u0130hra\u00e7 edilecek bir eski genel ba\u015fkan s\u0131nav\u0131 m\u0131 var kap\u0131da?<\/p>\n","protected":false},"excerpt":{"rendered":"<p>CHP \u0130stanbul Vilayet Ba\u015fkanl\u0131\u011f\u0131 se\u00e7imlerinin iptal edilmesi ve vilayet idaresinin vazifeden al\u0131nmas\u0131n\u0131n akabinde pe\u015f pe\u015fe ihra\u00e7 kararlar\u0131 geldi. Kayyumlu\u011fu kabul eden G\u00fcrsel Tekin partiden ihra\u00e7 edilirken yans\u0131lar\u0131n oda\u011f\u0131ndaki Bar\u0131\u015f Yarkada\u015f da ihra\u00e7 ediliyor.<\/p>\n","protected":false},"author":1,"featured_media":77515,"comment_status":"open","ping_status":"open","sticky":false,"template":"","format":"standard","meta":{"footnotes":""},"categories":[25],"tags":[303],"class_list":["post-77514","post","type-post","status-publish","format-standard","has-post-thumbnail","hentry","category-gundem","tag-kayyum"],"_links":{"self":[{"href":"https:\/\/ikimisli.tr\/index.php\/wp-json\/wp\/v2\/posts\/77514","targetHints":{"allow":["GET"]}}],"collection":[{"href":"https:\/\/ikimisli.tr\/index.php\/wp-json\/wp\/v2\/posts"}],"about":[{"href":"https:\/\/ikimisli.tr\/index.php\/wp-json\/wp\/v2\/types\/post"}],"author":[{"embeddable":true,"href":"https:\/\/ikimisli.tr\/index.php\/wp-json\/wp\/v2\/users\/1"}],"replies":[{"embeddable":true,"href":"https:\/\/ikimisli.tr\/index.php\/wp-json\/wp\/v2\/comments?post=77514"}],"version-history":[{"count":1,"href":"https:\/\/ikimisli.tr\/index.php\/wp-json\/wp\/v2\/posts\/77514\/revisions"}],"predecessor-version":[{"id":77516,"href":"https:\/\/ikimisli.tr\/index.php\/wp-json\/wp\/v2\/posts\/77514\/revisions\/77516"}],"wp:featuredmedia":[{"embeddable":true,"href":"https:\/\/ikimisli.tr\/index.php\/wp-json\/wp\/v2\/media\/77515"}],"wp:attachment":[{"href":"https:\/\/ikimisli.tr\/index.php\/wp-json\/wp\/v2\/media?parent=77514"}],"wp:term":[{"taxonomy":"category","embeddable":true,"href":"https:\/\/ikimisli.tr\/index.php\/wp-json\/wp\/v2\/categories?post=77514"},{"taxonomy":"post_tag","embeddable":true,"href":"https:\/\/ikimisli.tr\/index.php\/wp-json\/wp\/v2\/tags?post=77514"}],"curies":[{"name":"wp","href":"https:\/\/api.w.org\/{rel}","templated":true}]}}