{"id":77555,"date":"2025-09-05T07:56:04","date_gmt":"2025-09-05T07:56:04","guid":{"rendered":"https:\/\/ikimisli.tr\/?p=77555"},"modified":"2025-09-05T07:56:04","modified_gmt":"2025-09-05T07:56:04","slug":"kizi-dilemi-bogmustu-cezasi-belli-oldu","status":"publish","type":"post","link":"https:\/\/ikimisli.tr\/index.php\/2025\/09\/05\/kizi-dilemi-bogmustu-cezasi-belli-oldu\/","title":{"rendered":"K\u0131z\u0131 Dilem&#8217;i bo\u011fmu\u015ftu: Cezas\u0131 belli oldu"},"content":{"rendered":"<p>\u00c7orlu&#8217;da 10 \u015eubat 2025 g\u00fcn\u00fc, Hatipler Mahallesi Bedri Rahmi Caddesi&#8217;nde Amir Yaz\u0131c\u0131&#8217;n\u0131n konutunda meydana geldi. Daha evvel e\u015finden bo\u015fanan ve bir fabrikada \u00e7al\u0131\u015fan Amir Yaz\u0131c\u0131 toplumsal medya hesab\u0131ndan eski e\u015fini kastederek, &#8216;Bizim \u00f6lmemizde b\u00fct\u00fcn sorumlu G.U.&#8217;dur. Hakk\u0131n\u0131z\u0131 helal edin. Eyvallah&#8217; notunu payla\u015ft\u0131. Payla\u015f\u0131m\u0131 g\u00f6r\u00fcp Yaz\u0131c\u0131&#8217;ya ula\u015famayan yak\u0131nlar\u0131, durumu 112 Acil Davet Merkezi&#8217;ne bildirdi.<\/p>\n<p>Adrese sevk edilen polis ve s\u0131hhat gruplar\u0131, kap\u0131s\u0131n\u0131 \u00e7ilingire a\u00e7t\u0131r\u0131p girdikleri konutta bileklerinde kesik bulunan Amir Yaz\u0131c\u0131&#8217;y\u0131 yaral\u0131, k\u0131z\u0131 Su Dilem Yaz\u0131c\u0131&#8217;y\u0131 ise meyyit buldu. Amir Yaz\u0131c\u0131, \u00c7orlu Devlet Hastanesi&#8217;ne kald\u0131r\u0131larak tedaviye al\u0131nd\u0131. Yap\u0131lan incelemede Mustafa Cezzar \u0130lkokulu 8&#8217;inci s\u0131n\u0131f \u00f6\u011frencisi olan Su Dilem&#8217;in her iki bile\u011finde de kesici aletle 1 santimetreden derin kesiklere rastland\u0131. Amir Yaz\u0131c\u0131, hastanedeki tedavisinin akabinde polis taraf\u0131ndan g\u00f6zalt\u0131na al\u0131nd\u0131. \u00c7eli\u015fkili s\u00f6zler veren Yaz\u0131c\u0131, bir m\u00fcddet sonra k\u0131z\u0131n\u0131 bo\u011farak \u00f6ld\u00fcrd\u00fc\u011f\u00fcn\u00fc, akabinde da intihar \u00fczere g\u00f6stermek i\u00e7in onun ve kendisinin bileklerini kesti\u011fini anlatt\u0131.<\/p>\n<p>Tutuklanan Amir Yaz\u0131c\u0131, hakk\u0131nda \u00c7orlu 2&#8217;nci A\u011f\u0131r Ceza Mahkemesi&#8217;nde &#8216;Kad\u0131na kar\u015f\u0131 altsoyunu tasarlayarak \u00f6ld\u00fcrme&#8217; c\u00fcrm\u00fcnden a\u011f\u0131rla\u015ft\u0131r\u0131lm\u0131\u015f m\u00fcebbet mahpus istemiyle dava a\u00e7\u0131ld\u0131. Davan\u0131n birinci duru\u015fmas\u0131na san\u0131k Amir Yaz\u0131c\u0131, avukatlar\u0131 ile eski e\u015fi G.U. ile yak\u0131nlar\u0131 kat\u0131ld\u0131. Anne G.U., tabirinde, olay g\u00fcn\u00fc eski e\u015finin k\u0131z\u0131na, &#8220;O konutunuzu yakaca\u011f\u0131m, annenle seni \u00f6ld\u00fcrece\u011fim&#8221; dedi\u011fini \u00f6\u011frendi\u011fini bunun \u00fczerine konuta gitmeyen k\u0131z\u0131n\u0131 sormak i\u00e7in eski e\u015fini arad\u0131\u011f\u0131n\u0131 anlatt\u0131. G.U., &#8220;K\u0131z\u0131m\u0131 sordu\u011fumda. &#8216;K\u0131z\u0131m benimle birlikte gezmeye \u00e7\u0131kaca\u011f\u0131z, kahvalt\u0131 yapaca\u011f\u0131z&#8217; dedi. Bunun \u00fczerine k\u0131z\u0131m\u0131n sesimi duymak istedi\u011fimi s\u00f6yledi\u011fimde, lavaboda oldu\u011funu s\u00f6yledi. Daha sonra yakla\u015f\u0131k 10 kere arad\u0131\u011f\u0131mda ula\u015famad\u0131m. Daha sonara Amir, k\u0131z\u0131m\u0131n eski telefonundan bana, &#8216;Ben sana ne dedim bu d\u00fcnyadaki en b\u00fcy\u00fck ac\u0131y\u0131 ya\u015fataca\u011f\u0131m demedim mi? Al ya\u015fa bakal\u0131m katilsin&#8217; yaz\u0131l\u0131 bildiri g\u00f6nderdi. Akabinde da k\u0131z\u0131m\u0131n a\u011fz\u0131ndan, &#8216;Anne beni \u00f6ld\u00fcrd\u00fcn senin y\u00fcz\u00fcnden \u00f6ld\u00fcm&#8221; halinde bildiri att\u0131. Amir Yaz\u0131c\u0131&#8217;dan \u015fikayet\u00e7iyim&#8221; dedi.<\/p>\n<p>San\u0131k Amir Yaz\u0131c\u0131, k\u0131z\u0131 ile annesinin sevgilisi nedeniyle tart\u0131\u015fma ya\u015fand\u0131\u011f\u0131n\u0131 \u00f6ne s\u00fcrerek, &#8220;Bu durumu sordu\u011fumda, &#8216;Ben annemle ilgili \u00f6zel \u00f6zel \u015feyleri seninle payla\u015fmam. Sen bana kar\u0131\u015famazs\u0131n, annemin g\u00f6r\u00fc\u015ft\u00fc\u011f\u00fc bireylerle ilgili sana bilgi vermem&#8217; dedi. Bunun \u00fczerine sinirlendim, bo\u011faz\u0131na sar\u0131l\u0131p bo\u011fu\u015fmaya ba\u015flad\u0131k. Su t\u0131rnaklar\u0131yla y\u00fcz\u00fcm\u00fc \u00e7izdi. Daha sonra koltu\u011fun \u00fczerine d\u00fc\u015ft\u00fck, \u00fczerine oturup boynunu s\u0131kmaya devam ettim. Su hareketsiz kal\u0131nca, kalk\u0131p birka\u00e7 sigara i\u00e7tim. Daha sonra bileklerini jiletle kestim. Daha sonra kendi bileklerim ve boynumu kestim. Eski e\u015fime bildirileri ac\u0131 \u00e7ekmesi i\u00e7in att\u0131m&#8221; dedi. Yaz\u0131c\u0131, k\u0131z\u0131n\u0131 plan yaparak \u00f6ld\u00fcrmek gayesi olmad\u0131\u011f\u0131n\u0131 s\u00f6z ederek, &#8220;Plan\u0131m iletileri konu\u015fup al\u0131\u015fveri\u015fe gidip konuta d\u00f6nd\u00fcklerinde onun yan\u0131nda intihar etmekti. Bu t\u00fcrl\u00fc olmas\u0131n\u0131 istemezdim. \u00c7ok \u00fczg\u00fcn\u00fcm, \u00e7ok pi\u015fman\u0131m&#8221; dedi.<\/p>\n<p>Mahkeme, Yaz\u0131c\u0131&#8217;y\u0131, &#8216;Kad\u0131na kar\u015f\u0131 altsoyunu tasarlayarak \u00f6ld\u00fcrme&#8217; kabahatinden a\u011f\u0131rla\u015ft\u0131r\u0131lm\u0131\u015f m\u00fcebbet mahpus cezas\u0131na \u00e7arpt\u0131rd\u0131.<\/p>\n","protected":false},"excerpt":{"rendered":"<p>Tekirda\u011f&#8217;\u0131n \u00c7orlu il\u00e7esinde k\u0131z\u0131 Su Dilem Yaz\u0131c\u0131&#8217;y\u0131  bo\u011fup, bileklerini kestikten sonra intihara kalk\u0131\u015fan Amir Yaz\u0131c\u0131, birinci duru\u015fmada &#8216;Kad\u0131na kar\u015f\u0131 altsoyunu tasarlayarak \u00f6ld\u00fcrme&#8217; c\u00fcrm\u00fcnden a\u011f\u0131rla\u015ft\u0131r\u0131lm\u0131\u015f m\u00fcebbet mahpus cezas\u0131na \u00e7arpt\u0131r\u0131ld\u0131.<\/p>\n","protected":false},"author":1,"featured_media":77556,"comment_status":"open","ping_status":"open","sticky":false,"template":"","format":"standard","meta":{"footnotes":""},"categories":[25],"tags":[8974,1761,8975,681,2164],"class_list":["post-77555","post","type-post","status-publish","format-standard","has-post-thumbnail","hentry","category-gundem","tag-amir","tag-anne","tag-eski-esi","tag-kizi","tag-yazici"],"_links":{"self":[{"href":"https:\/\/ikimisli.tr\/index.php\/wp-json\/wp\/v2\/posts\/77555","targetHints":{"allow":["GET"]}}],"collection":[{"href":"https:\/\/ikimisli.tr\/index.php\/wp-json\/wp\/v2\/posts"}],"about":[{"href":"https:\/\/ikimisli.tr\/index.php\/wp-json\/wp\/v2\/types\/post"}],"author":[{"embeddable":true,"href":"https:\/\/ikimisli.tr\/index.php\/wp-json\/wp\/v2\/users\/1"}],"replies":[{"embeddable":true,"href":"https:\/\/ikimisli.tr\/index.php\/wp-json\/wp\/v2\/comments?post=77555"}],"version-history":[{"count":1,"href":"https:\/\/ikimisli.tr\/index.php\/wp-json\/wp\/v2\/posts\/77555\/revisions"}],"predecessor-version":[{"id":77557,"href":"https:\/\/ikimisli.tr\/index.php\/wp-json\/wp\/v2\/posts\/77555\/revisions\/77557"}],"wp:featuredmedia":[{"embeddable":true,"href":"https:\/\/ikimisli.tr\/index.php\/wp-json\/wp\/v2\/media\/77556"}],"wp:attachment":[{"href":"https:\/\/ikimisli.tr\/index.php\/wp-json\/wp\/v2\/media?parent=77555"}],"wp:term":[{"taxonomy":"category","embeddable":true,"href":"https:\/\/ikimisli.tr\/index.php\/wp-json\/wp\/v2\/categories?post=77555"},{"taxonomy":"post_tag","embeddable":true,"href":"https:\/\/ikimisli.tr\/index.php\/wp-json\/wp\/v2\/tags?post=77555"}],"curies":[{"name":"wp","href":"https:\/\/api.w.org\/{rel}","templated":true}]}}