{"id":77714,"date":"2025-09-05T17:20:17","date_gmt":"2025-09-05T17:20:17","guid":{"rendered":"https:\/\/ikimisli.tr\/?p=77714"},"modified":"2025-09-05T17:20:17","modified_gmt":"2025-09-05T17:20:17","slug":"turkiyeyi-sarsan-cinayette-yeni-detay-katil-kampuse-boyle-girmis","status":"publish","type":"post","link":"https:\/\/ikimisli.tr\/index.php\/2025\/09\/05\/turkiyeyi-sarsan-cinayette-yeni-detay-katil-kampuse-boyle-girmis\/","title":{"rendered":"T\u00fcrkiye&#8217;yi sarsan cinayette yeni detay: Katil kamp\u00fcse b\u00f6yle girmi\u015f"},"content":{"rendered":"<p>30 A\u011fustos&#8217;ta Ayberk Kurtulu\u015f (20) \u0130stanbul&#8217;un Sar\u0131yer il\u00e7esindeki Bo\u011fazi\u00e7i \u00dcniversitesi yerle\u015fkesindeki kafede eski k\u0131z arkada\u015f\u0131 Hilal \u00d6zdemir&#8217;i (15) silahla vurarak \u00f6ld\u00fcrd\u00fckten sonra intihar etti. Ruhsats\u0131z oldu\u011fu belirlenen tabancan\u0131n kurus\u0131k\u0131dan bozma silah oldu\u011fu \u00f6\u011frenildi. Poliste 24 hata kayd\u0131 oldu\u011fu ortaya \u00e7\u0131kan Kurtulu\u015f\u2019un arac\u0131yla geldi\u011fi yerle\u015fkede, kap\u0131daki g\u00fcvenlik g\u00f6revlilerine, &#8216;D\u00fc\u011f\u00fcne geldim&#8217; diyerek i\u00e7eriye girdi\u011fi ve aranmad\u0131\u011f\u0131 bilgisine ula\u015f\u0131ld\u0131. Yerle\u015fkeye t\u0131pk\u0131 g\u00fcn 2 kere arac\u0131yla giren Kurtulu\u015f\u2019un, i\u00e7eriye girdi\u011fi anlar\u0131n imgesi ortaya \u00e7\u0131kt\u0131.<\/p>\n<p><img decoding=\"async\" src=\"https:\/\/ikimisli.tr\/wp-content\/uploads\/2025\/09\/turkiyeyi-sarsan-cinayette-yeni-detay-katil-kampuse-boyle-girmis-0-JQPBktV4.jpg\"\/><\/p>\n<p>Olay 30 A\u011fustos Cumartesi g\u00fcn\u00fc saat 19.30 s\u0131ralar\u0131nda Bo\u011fazi\u00e7i \u00dcniversitesi G\u00fcney Yerle\u015fkesi Yerle\u015fkesi i\u00e7erisinde bulunan kafenin \u00f6n\u00fcnde meydana geldi. Tart\u0131\u015ft\u0131\u011f\u0131 eski k\u0131z arkada\u015f\u0131 Hilal \u00d6zdemir&#8217;i silahla \u00f6ld\u00fcren Ayberk Kurtulu\u015f, t\u0131pk\u0131 silahla intihar etti. \u00d6zdemir ve Kurtulu\u015f&#8217;un cans\u0131z v\u00fccutlar\u0131 gerekli \u00e7al\u0131\u015fmalar\u0131n tamamlanmas\u0131n\u0131n ard\u0131ndan Adli T\u0131p Kurumu morguna kald\u0131r\u0131ld\u0131. Olay sonras\u0131nda, Hilal \u00d6zdemir\u2019in bir m\u00fchlet evvel Ayberk Kurtulu\u015f\u2019ta ayr\u0131lmak istedi\u011fi lakin Kurtulu\u015f\u2019un \u00d6zdemir\u2019i tak\u0131nt\u0131 haline getirerek takip etti\u011fi arg\u00fcman edildi. Olay g\u00fcn\u00fc \u00d6zdemir\u2019i arayan Kurtulu\u015f\u2019un, &#8216;Son bir kere g\u00f6r\u00fc\u015felim&#8217; dedi\u011fi, \u00d6zdemir\u2019in kendisine yar\u0131 vakitli olarak \u00e7al\u0131\u015ft\u0131\u011f\u0131 kafenin pozisyonunu att\u0131\u011f\u0131, Kurtulu\u015f\u2019un da arac\u0131yla yerle\u015fkenin giri\u015fine gelip, &#8216;D\u00fc\u011f\u00fcne geldim&#8217; diyerek arama yap\u0131lmadan yerle\u015fkeye girdi\u011fi ortaya \u00e7\u0131kt\u0131. Polis gruplar\u0131n\u0131n yapt\u0131\u011f\u0131 ara\u015ft\u0131rmada, Kurtulu\u015f&#8217;un olayda kulland\u0131\u011f\u0131 silah\u0131n ruhsats\u0131z ve kuru s\u0131k\u0131dan bozma tabanca oldu\u011fu belirlendi. Hilal \u00d6zdemir&#8217;in yerle\u015fke i\u00e7erisindeki bir kafede yar\u0131 vakitli olarak \u00e7al\u0131\u015ft\u0131\u011f\u0131, Ayberk Kurtulu\u015f&#8217;un ise g\u00fcvenlik g\u00f6revlilerine palavra s\u00f6yleyerek i\u00e7eri girdi\u011fi anla\u015f\u0131ld\u0131. Yap\u0131lan \u00e7al\u0131\u015fmada, Ayberk Kurtulu\u015f&#8217;un 24 adet hata kayd\u0131n\u0131n oldu\u011fu ortaya \u00e7\u0131kt\u0131. Olayla ilgili soru\u015fturma s\u00fcr\u00fcyor.<\/p>\n<p><b>&#8216;D\u00dc\u011e\u00dcNE GELD\u0130M&#8217; D\u0130YEREK 2 KERE ARANMADAN YERLE\u015eKEYE G\u0130RD\u0130<\/b><\/p>\n<p>\u00d6\u011fle saatlerinde yerle\u015fke i\u00e7erisinde bulu\u015fan \u00d6zdemir ile Kurtulu\u015f&#8217;un tart\u0131\u015ft\u0131klar\u0131, o s\u0131rada yanlar\u0131na gelen \u00f6b\u00fcr bir bayan\u0131n Kurtulu\u015f&#8217;u itmesi \u00fczerine, Ayberk Kurtulu\u015f&#8217;un arac\u0131na binerek uzakla\u015ft\u0131\u011f\u0131 \u00f6\u011frenildi. Ak\u015fam saatlerinde tekrar arac\u0131yla yerle\u015fkeye gelen Ayberk Kurtulu\u015f&#8217;un, g\u00fcvenlik g\u00f6revlilerine yine d\u00fc\u011f\u00fcne geldi\u011fini s\u00f6yleyerek, ikinci kere aranmadan i\u00e7eri girdi\u011fi belirlendi. \u00d6zdemir&#8217;i tekrar yan\u0131na \u00e7a\u011f\u0131ran Kurtulu\u015f&#8217;un ya\u015fanan tart\u0131\u015fma s\u0131ras\u0131nda gen\u00e7 k\u0131z\u0131n ba\u015f\u0131na 1 el ate\u015f ederek \u00f6ld\u00fcrd\u00fc\u011f\u00fc, daha sonra da silahla kendi ba\u015f\u0131na ate\u015f ederek intihar etti\u011fi \u00f6\u011frenildi.<\/p>\n<p><img decoding=\"async\" src=\"https:\/\/ikimisli.tr\/wp-content\/uploads\/2025\/09\/turkiyeyi-sarsan-cinayette-yeni-detay-katil-kampuse-boyle-girmis-1-2jgcRX7D.jpg\"\/><\/p>\n<p><b>ARACIYLA \u0130\u00c7ER\u0130YE G\u0130RD\u0130\u011e\u0130 ANLAR KAMERADA<\/b><\/p>\n<p>\u00d6te yandan Hilal \u00d6zdemir\u2019i \u00f6ld\u00fcren Ayberk Kurtulu\u015f\u2019un arac\u0131yla yerle\u015fkeye girdi\u011fi anlar\u0131n imaj\u0131n\u0131 ortaya \u00e7\u0131kt\u0131. Kurtulu\u015f&#8217;tan evvel gelen arac\u0131n g\u00fcvenlik noktas\u0131nda bir m\u00fchlet bekletildi\u011fi ve sorular soruldu\u011fu g\u00f6r\u00fcl\u00fcrken, Kurtulu\u015f&#8217;un neredeyse arac\u0131n\u0131 durdurmadan, \u00f6zel g\u00fcvenlik g\u00f6revlisine k\u0131sa bir \u015fey s\u00f6yledikten sonra yoluna devam etti\u011fi g\u00f6r\u00fcl\u00fcyor.\u00a0<\/p>\n","protected":false},"excerpt":{"rendered":"<p>Bo\u011fazi\u00e7i \u00dcniversitesi yerle\u015fkesindeki kafede eski k\u0131z arkada\u015f\u0131 Hilal \u00d6zdemir&#8217;i silahla vurarak \u00f6ld\u00fcrd\u00fckten sonra intihar eden Ayberk Kurtulu\u015f&#8217;un, g\u00fcvenlik noktas\u0131ndan yerle\u015fkeye girdi\u011fi anlar\u0131n imaj\u0131 ortaya \u00e7\u0131kt\u0131.<\/p>\n","protected":false},"author":1,"featured_media":77715,"comment_status":"open","ping_status":"open","sticky":false,"template":"","format":"standard","meta":{"footnotes":""},"categories":[25],"tags":[8991,8992,5152,237,204],"class_list":["post-77714","post","type-post","status-publish","format-standard","has-post-thumbnail","hentry","category-gundem","tag-ayberk-kurtulus","tag-girdigi","tag-iceri","tag-kurtulus","tag-ozdemir"],"_links":{"self":[{"href":"https:\/\/ikimisli.tr\/index.php\/wp-json\/wp\/v2\/posts\/77714","targetHints":{"allow":["GET"]}}],"collection":[{"href":"https:\/\/ikimisli.tr\/index.php\/wp-json\/wp\/v2\/posts"}],"about":[{"href":"https:\/\/ikimisli.tr\/index.php\/wp-json\/wp\/v2\/types\/post"}],"author":[{"embeddable":true,"href":"https:\/\/ikimisli.tr\/index.php\/wp-json\/wp\/v2\/users\/1"}],"replies":[{"embeddable":true,"href":"https:\/\/ikimisli.tr\/index.php\/wp-json\/wp\/v2\/comments?post=77714"}],"version-history":[{"count":1,"href":"https:\/\/ikimisli.tr\/index.php\/wp-json\/wp\/v2\/posts\/77714\/revisions"}],"predecessor-version":[{"id":77718,"href":"https:\/\/ikimisli.tr\/index.php\/wp-json\/wp\/v2\/posts\/77714\/revisions\/77718"}],"wp:featuredmedia":[{"embeddable":true,"href":"https:\/\/ikimisli.tr\/index.php\/wp-json\/wp\/v2\/media\/77715"}],"wp:attachment":[{"href":"https:\/\/ikimisli.tr\/index.php\/wp-json\/wp\/v2\/media?parent=77714"}],"wp:term":[{"taxonomy":"category","embeddable":true,"href":"https:\/\/ikimisli.tr\/index.php\/wp-json\/wp\/v2\/categories?post=77714"},{"taxonomy":"post_tag","embeddable":true,"href":"https:\/\/ikimisli.tr\/index.php\/wp-json\/wp\/v2\/tags?post=77714"}],"curies":[{"name":"wp","href":"https:\/\/api.w.org\/{rel}","templated":true}]}}