{"id":7780,"date":"2025-01-30T17:12:06","date_gmt":"2025-01-30T17:12:06","guid":{"rendered":"https:\/\/ikimisli.tr\/?p=7780"},"modified":"2025-01-30T17:12:06","modified_gmt":"2025-01-30T17:12:06","slug":"biden-ve-netanyahu-arasinda-ateskes-gorusmesi","status":"publish","type":"post","link":"https:\/\/ikimisli.tr\/index.php\/2025\/01\/30\/biden-ve-netanyahu-arasinda-ateskes-gorusmesi\/","title":{"rendered":"Biden ve Netanyahu aras\u0131nda &#8216;ate\u015fkes&#8217; g\u00f6r\u00fc\u015fmesi"},"content":{"rendered":"<p>Beyaz Saray S\u00f6zc\u00fcl\u00fc\u011f\u00fc, ABD Ba\u015fkan\u0131 Joe Biden ile \u0130srail Ba\u015fbakan\u0131 Binyamin Netanyahu ortas\u0131nda ger\u00e7ekle\u015fen telefon g\u00f6r\u00fc\u015fmesine ait yaz\u0131l\u0131 a\u00e7\u0131klama yapt\u0131.<\/p>\n<p>A\u00e7\u0131klamada, &#8220;\u0130ki ba\u015fkan, ge\u00e7en y\u0131l lider taraf\u0131ndan a\u00e7\u0131klanan ve BM G\u00fcvenlik Kurulu taraf\u0131ndan oy birli\u011fiyle onaylanan 27 May\u0131s 2024 tarihli d\u00fczenlemeye dayal\u0131 bir ate\u015fkes ve rehinelerin h\u00fcr b\u0131rak\u0131lmas\u0131 muahedesi i\u00e7in Doha&#8217;da devam eden m\u00fczakereleri g\u00f6r\u00fc\u015ft\u00fc&#8221; tabiri kullan\u0131ld\u0131.<\/p>\n<p>G\u00f6r\u00fc\u015fmede, L\u00fcbnan ile ate\u015fkes muahedesi, Suriye&#8217;de Esed rejiminin d\u00fc\u015f\u00fc\u015f\u00fc ve \u0130ran&#8217;\u0131n b\u00f6lgedeki g\u00fcc\u00fcn\u00fcn zay\u0131flamas\u0131 \u00fczere b\u00f6lgede k\u00f6kten de\u011fi\u015fen \u015fartlar\u0131n ele al\u0131nd\u0131\u011f\u0131 belirtilen a\u00e7\u0131klamada, Biden&#8217;\u0131n Gazze&#8217;de insani yard\u0131m art\u0131\u015f\u0131yla ate\u015fkes ve rehinelerin iadesine acil gereksinim oldu\u011funu vurgulad\u0131\u011f\u0131 bilgisi verildi.<\/p>\n<p>Netanyahu&#8217;nun da Biden&#8217;a, kendisine \u00f6m\u00fcr uzunlu\u011fu \u0130srail&#8217;e verdi\u011fi dayanak ile ABD&#8217;nin \u0130srail&#8217;in g\u00fcvenli\u011fi ve ulusal savunmas\u0131 i\u00e7in verdi\u011fi fevkal\u00e2de katk\u0131 i\u00e7in te\u015fekk\u00fcr etti\u011fi kaydedildi.<\/p>\n<p>Biden, 9 Ocak&#8217;ta yapt\u0131\u011f\u0131 a\u00e7\u0131klamada, Gazze konusunda bir mutabakata var\u0131lmas\u0131 istikametinde ilerleme kaydedildi\u011fini s\u00f6ylemi\u015fti.<\/p>\n<p>Biden idaresi, 20 Ocak&#8217;ta vazifesi teslim etmeden evvel orta bulucu \u00fclkeler Katar ve M\u0131s\u0131r ile Katar&#8217;\u0131n ba\u015f\u015fehri Doha&#8217;da s\u00fcrd\u00fcr\u00fclen Gazze&#8217;de ate\u015fkes g\u00f6r\u00fc\u015fmelerini sonu\u00e7land\u0131rmaya \u00e7al\u0131\u015f\u0131yor.<\/p>\n","protected":false},"excerpt":{"rendered":"<p>ABD Ba\u015fkan\u0131 Biden ile \u0130srail Ba\u015fbakan\u0131 Netanyahu telefonda g\u00f6r\u00fc\u015ft\u00fc. \u0130kilinin Gazze&#8217;de ate\u015fkes konusunu g\u00f6r\u00fc\u015ft\u00fc\u011f\u00fc bildirildi.<\/p>\n","protected":false},"author":1,"featured_media":7781,"comment_status":"open","ping_status":"open","sticky":false,"template":"","format":"standard","meta":{"footnotes":""},"categories":[43],"tags":[465],"class_list":["post-7780","post","type-post","status-publish","format-standard","has-post-thumbnail","hentry","category-dunya","tag-biden"],"_links":{"self":[{"href":"https:\/\/ikimisli.tr\/index.php\/wp-json\/wp\/v2\/posts\/7780","targetHints":{"allow":["GET"]}}],"collection":[{"href":"https:\/\/ikimisli.tr\/index.php\/wp-json\/wp\/v2\/posts"}],"about":[{"href":"https:\/\/ikimisli.tr\/index.php\/wp-json\/wp\/v2\/types\/post"}],"author":[{"embeddable":true,"href":"https:\/\/ikimisli.tr\/index.php\/wp-json\/wp\/v2\/users\/1"}],"replies":[{"embeddable":true,"href":"https:\/\/ikimisli.tr\/index.php\/wp-json\/wp\/v2\/comments?post=7780"}],"version-history":[{"count":1,"href":"https:\/\/ikimisli.tr\/index.php\/wp-json\/wp\/v2\/posts\/7780\/revisions"}],"predecessor-version":[{"id":7782,"href":"https:\/\/ikimisli.tr\/index.php\/wp-json\/wp\/v2\/posts\/7780\/revisions\/7782"}],"wp:featuredmedia":[{"embeddable":true,"href":"https:\/\/ikimisli.tr\/index.php\/wp-json\/wp\/v2\/media\/7781"}],"wp:attachment":[{"href":"https:\/\/ikimisli.tr\/index.php\/wp-json\/wp\/v2\/media?parent=7780"}],"wp:term":[{"taxonomy":"category","embeddable":true,"href":"https:\/\/ikimisli.tr\/index.php\/wp-json\/wp\/v2\/categories?post=7780"},{"taxonomy":"post_tag","embeddable":true,"href":"https:\/\/ikimisli.tr\/index.php\/wp-json\/wp\/v2\/tags?post=7780"}],"curies":[{"name":"wp","href":"https:\/\/api.w.org\/{rel}","templated":true}]}}