{"id":77977,"date":"2025-09-06T08:32:13","date_gmt":"2025-09-06T08:32:13","guid":{"rendered":"https:\/\/ikimisli.tr\/?p=77977"},"modified":"2025-09-06T08:32:13","modified_gmt":"2025-09-06T08:32:13","slug":"bir-bu-eksikti-yeni-pandeminin-tarihini-verdiler-olenlerin-sayisi-kanseri-gecerek-yilda-10-milyona-ulasacak","status":"publish","type":"post","link":"https:\/\/ikimisli.tr\/index.php\/2025\/09\/06\/bir-bu-eksikti-yeni-pandeminin-tarihini-verdiler-olenlerin-sayisi-kanseri-gecerek-yilda-10-milyona-ulasacak\/","title":{"rendered":"Bir bu eksikti, yeni pandeminin tarihini verdiler&#8230; \u00d6lenlerin say\u0131s\u0131 kanseri ge\u00e7erek y\u0131lda 10 milyona ula\u015facak"},"content":{"rendered":"<p>Enfeksiyon hastal\u0131klar\u0131 uzmanlar\u0131 ve halk s\u0131hhati otoriteleri, d\u00fcnyan\u0131n en b\u00fcy\u00fck s\u0131hhat tehditlerinden biri olarak kabul edilen &#8220;antimikrobiyal diren\u00e7&#8221; (AMR) konusunda alarm veriyor.\u00a0<\/p>\n<p>Mevcut ila\u00e7lara kar\u015f\u0131 diren\u00e7 geli\u015ftiren ve &#8220;s\u00fcper bakteri&#8221; olarak isimlendirilen mikroorganizmalar\u0131n neden oldu\u011fu enfeksiyonlar nedeniyle mevt oranlar\u0131 tasa verici d\u00fczeylere ula\u015ft\u0131.\u00a0<\/p>\n<p>D\u00fcnya S\u0131hhat \u00d6rg\u00fct\u00fc&#8217;n\u00fcn (DS\u00d6) de ortalar\u0131nda bulundu\u011fu kurulu\u015flar, tedbir al\u0131nmazsa 2050 y\u0131l\u0131na kadar bu enfeksiyonlardan \u00f6lenlerin say\u0131s\u0131n\u0131n kanseri ge\u00e7erek y\u0131lda 10 milyona ula\u015fabilece\u011fi ikaz\u0131nda bulunuyor.<\/p>\n<p><b><span>S\u00fcper bakteri nedir?<\/span><\/b><\/p>\n<p>&#8220;S\u00fcper bakteri&#8221; terimi, yaln\u0131zca bakterileri de\u011fil, t\u0131pk\u0131 vakitte vir\u00fcs, mantar yahut parazit \u00fczere, kendilerine kar\u015f\u0131 geli\u015ftirilen ila\u00e7lara diren\u00e7 kazanm\u0131\u015f t\u00fcm mikroorganizmalar\u0131 s\u00f6z eder. Bu durum, daha evvel kolayl\u0131kla tedavi edilebilen hastal\u0131klar\u0131n tedavisini s\u0131k\u0131nt\u0131 yahut imk\u00e2ns\u0131z hale getiriyor.<\/p>\n<p>ABD&#8217;deki Mayo Clinic \u00fczere ara\u015ft\u0131rma kurulu\u015flar\u0131, bu enfeksiyonlar\u0131n organ nakli, kemoterapi ve ameliyat \u00fczere rutin t\u0131bbi prosed\u00fcrleri bile hayati tehlike ta\u015f\u0131yan operasyonlara d\u00f6n\u00fc\u015ft\u00fcrebilece\u011fi konusunda uyar\u0131yor.<\/p>\n<p>Uzmanlar, bu global krizin ard\u0131ndaki en b\u00fcy\u00fck nedenin, toplumun t\u00fcm katmanlar\u0131ndaki yanl\u0131\u015f ve \u00e7ok antibiyotik kullan\u0131m\u0131 oldu\u011funda hemfikir. Esas nedenler \u015funlar:<\/p>\n<p>Kendi Kendine \u0130la\u00e7 Kullan\u0131m\u0131: Bilin\u00e7sizce ve doktor re\u00e7etesi olmadan antibiyotik kullanmak.<\/p>\n<p>Eksik Tedaviler: Hastalar\u0131n, kendilerini daha d\u00fczg\u00fcn hissettiklerinde, tabibin \u00f6nerdi\u011fi tedavi m\u00fchletini tamamlamadan ilac\u0131 b\u0131rakmalar\u0131.<\/p>\n<p>Tar\u0131m ve Hayvanc\u0131l\u0131kta \u00c7ok Kullan\u0131m: Hayvan s\u0131hhati ve tar\u0131m dal\u0131nda antibiyotiklerin bilin\u00e7sizce kullan\u0131lmas\u0131 da diren\u00e7li bakterilerin geli\u015fimine katk\u0131da bulunuyor.<\/p>\n<p><b><span>Arjantin \u00f6rne\u011fi: Krizin vahim y\u00fcz\u00fc<\/span><\/b><\/p>\n<p>S\u00fcper bakteri tehdidinin ne kadar \u00f6nemli oldu\u011fu, Arjantin&#8217;den gelen bilgilerle net bir halde g\u00f6r\u00fcl\u00fcyor. Arjantin Sa\u011fl\u0131k Bakanl\u0131\u011f\u0131, \u00fclkede bu t\u00fcr diren\u00e7li mikroplar\u0131n neden oldu\u011fu enfeksiyonlardan kaynaklanan vefat oran\u0131n\u0131n %49 ila %52 ortas\u0131nda oldu\u011funu bildiriyor. Bu, enfekte olan her iki \u015fah\u0131stan birinin hayat\u0131n\u0131 kaybetti\u011fi manas\u0131na geliyor.<\/p>\n<p>Durumun ciddiyeti nedeniyle, Arjantin&#8217;de Sa\u011fl\u0131k Bakan\u0131 liderli\u011finde \u00fcst d\u00fczey bir tepe d\u00fczenlenerek, Ulusal Antimikrobiyal Diren\u00e7 Denetim Kurulu&#8217;nun (Conacra) 2026-2029 hareket planlar\u0131 masaya yat\u0131r\u0131ld\u0131.<\/p>\n<p>DS\u00d6, antibiyotik direncini &#8220;k\u00fcresel s\u0131hhat, besin g\u00fcvenli\u011fi ve kalk\u0131nma i\u00e7in en b\u00fcy\u00fck tehditlerden biri&#8221; olarak tan\u0131ml\u0131yor. Latin Amerika Pediatrik Bula\u015f\u0131c\u0131 Hastal\u0131klar Derne\u011fi Lideri Dr. Mar\u00eda Luisa \u00c1vila, &#8220;Antimikrobiyal diren\u00e7, global s\u0131hhat i\u00e7in en b\u00fcy\u00fck tehditlerden biridir. 2050 y\u0131l\u0131na kadar tedavi edilemeyen bakterilerden, kanserden \u00f6lenlerden daha fazla insan\u0131n \u00f6lece\u011fi iddia ediliyor&#8221; diyerek durumun ciddiyetini vurgulad\u0131.<\/p>\n<p>Bu &#8220;sessiz pandemi&#8221; ile \u00e7aba etmek i\u00e7in, hem s\u0131hhat profesyonelleri hem de halk ortas\u0131nda fark\u0131ndal\u0131k yaratmay\u0131 ve antibiyotik kullan\u0131m\u0131n\u0131 d\u00fczenlemeyi ama\u00e7layan ulusal ve memleketler aras\u0131 stratejiler geli\u015ftiriliyor.<\/p>\n","protected":false},"excerpt":{"rendered":"<p>D\u00fcnya S\u0131hhat \u00d6rg\u00fct\u00fc (WHO) ve \u00f6nde gelen bilim insanlar\u0131, &#8220;Sessiz Pandemi&#8221; olarak isimlendirdikleri b\u00fcy\u00fck bir tehdit i\u00e7in tarih verdi. Tedbir al\u0131nmazsa, 2050 y\u0131l\u0131na kadar bu tedavi edilemeyen enfeksiyonlar\u0131n her y\u0131l 10 milyon can alarak kanseri geride b\u0131rakaca\u011f\u0131 \u00f6ng\u00f6r\u00fcl\u00fcyor.<\/p>\n","protected":false},"author":1,"featured_media":77978,"comment_status":"open","ping_status":"open","sticky":false,"template":"","format":"standard","meta":{"footnotes":""},"categories":[43],"tags":[3167,3001,9006,1921,150],"class_list":["post-77977","post","type-post","status-publish","format-standard","has-post-thumbnail","hentry","category-dunya","tag-antibiyotik","tag-bakteri","tag-direnc","tag-ila","tag-saglik"],"_links":{"self":[{"href":"https:\/\/ikimisli.tr\/index.php\/wp-json\/wp\/v2\/posts\/77977","targetHints":{"allow":["GET"]}}],"collection":[{"href":"https:\/\/ikimisli.tr\/index.php\/wp-json\/wp\/v2\/posts"}],"about":[{"href":"https:\/\/ikimisli.tr\/index.php\/wp-json\/wp\/v2\/types\/post"}],"author":[{"embeddable":true,"href":"https:\/\/ikimisli.tr\/index.php\/wp-json\/wp\/v2\/users\/1"}],"replies":[{"embeddable":true,"href":"https:\/\/ikimisli.tr\/index.php\/wp-json\/wp\/v2\/comments?post=77977"}],"version-history":[{"count":1,"href":"https:\/\/ikimisli.tr\/index.php\/wp-json\/wp\/v2\/posts\/77977\/revisions"}],"predecessor-version":[{"id":77979,"href":"https:\/\/ikimisli.tr\/index.php\/wp-json\/wp\/v2\/posts\/77977\/revisions\/77979"}],"wp:featuredmedia":[{"embeddable":true,"href":"https:\/\/ikimisli.tr\/index.php\/wp-json\/wp\/v2\/media\/77978"}],"wp:attachment":[{"href":"https:\/\/ikimisli.tr\/index.php\/wp-json\/wp\/v2\/media?parent=77977"}],"wp:term":[{"taxonomy":"category","embeddable":true,"href":"https:\/\/ikimisli.tr\/index.php\/wp-json\/wp\/v2\/categories?post=77977"},{"taxonomy":"post_tag","embeddable":true,"href":"https:\/\/ikimisli.tr\/index.php\/wp-json\/wp\/v2\/tags?post=77977"}],"curies":[{"name":"wp","href":"https:\/\/api.w.org\/{rel}","templated":true}]}}