{"id":78034,"date":"2025-09-06T11:56:14","date_gmt":"2025-09-06T11:56:14","guid":{"rendered":"https:\/\/ikimisli.tr\/?p=78034"},"modified":"2025-09-06T11:56:14","modified_gmt":"2025-09-06T11:56:14","slug":"tatile-giden-saliha-olu-bulundu","status":"publish","type":"post","link":"https:\/\/ikimisli.tr\/index.php\/2025\/09\/06\/tatile-giden-saliha-olu-bulundu\/","title":{"rendered":"Tatile giden Saliha \u00f6l\u00fc bulundu!"},"content":{"rendered":"<p>Mu\u011fla&#8217;da tatil yapan Saliha K\u0131l\u0131\u00e7 (34), kald\u0131\u011f\u0131 apartta meyyit bulundu. K\u0131l\u0131\u00e7&#8217;\u0131n \u015feker hastas\u0131 oldu\u011fu \u00f6\u011frenildi.<\/p>\n<p>Denizli&#8217;den Mu\u011fla&#8217;n\u0131n Ula il\u00e7esi Akyaka Mahallesi&#8217;ne tatile gelen Saliha K\u0131l\u0131\u00e7&#8217;tan 2 g\u00fcnd\u00fcr haber alamayan yak\u0131nlar\u0131, 112 Acil Davet Merkezi&#8217;ni aray\u0131p, yard\u0131m istedi. K\u0131l\u0131\u00e7&#8217;\u0131n kald\u0131\u011f\u0131 aparta s\u0131hhat ve jandarma tak\u0131mlar\u0131 sevk edildi. Apart vazifelileri ile birlikte odaya giren s\u0131hhat tak\u0131m\u0131, K\u0131l\u0131\u00e7&#8217;\u0131n hayat\u0131n\u0131 kaybetti\u011fini belirledi. Bedeninde yara ve darp izine rastlanmayan Saliha K\u0131l\u0131\u00e7&#8217;\u0131n cans\u0131z v\u00fccudu, kesin vefat nedeninin belirlenmesi i\u00e7in Mu\u011fla \u0130simli T\u0131p Kurumu&#8217;na kald\u0131r\u0131ld\u0131. K\u0131l\u0131\u00e7&#8217;\u0131n \u015feker hastas\u0131 oldu\u011fu \u00f6\u011frenildi.\u00a0<\/p>\n","protected":false},"excerpt":{"rendered":"<p>Mu\u011fla&#8217;da tatil yapan 34 ya\u015f\u0131ndaki bayan kald\u0131\u011f\u0131 apartta meyyit bulundu.<\/p>\n","protected":false},"author":1,"featured_media":78035,"comment_status":"open","ping_status":"open","sticky":false,"template":"","format":"standard","meta":{"footnotes":""},"categories":[25],"tags":[2255],"class_list":["post-78034","post","type-post","status-publish","format-standard","has-post-thumbnail","hentry","category-gundem","tag-kilic"],"_links":{"self":[{"href":"https:\/\/ikimisli.tr\/index.php\/wp-json\/wp\/v2\/posts\/78034","targetHints":{"allow":["GET"]}}],"collection":[{"href":"https:\/\/ikimisli.tr\/index.php\/wp-json\/wp\/v2\/posts"}],"about":[{"href":"https:\/\/ikimisli.tr\/index.php\/wp-json\/wp\/v2\/types\/post"}],"author":[{"embeddable":true,"href":"https:\/\/ikimisli.tr\/index.php\/wp-json\/wp\/v2\/users\/1"}],"replies":[{"embeddable":true,"href":"https:\/\/ikimisli.tr\/index.php\/wp-json\/wp\/v2\/comments?post=78034"}],"version-history":[{"count":1,"href":"https:\/\/ikimisli.tr\/index.php\/wp-json\/wp\/v2\/posts\/78034\/revisions"}],"predecessor-version":[{"id":78036,"href":"https:\/\/ikimisli.tr\/index.php\/wp-json\/wp\/v2\/posts\/78034\/revisions\/78036"}],"wp:featuredmedia":[{"embeddable":true,"href":"https:\/\/ikimisli.tr\/index.php\/wp-json\/wp\/v2\/media\/78035"}],"wp:attachment":[{"href":"https:\/\/ikimisli.tr\/index.php\/wp-json\/wp\/v2\/media?parent=78034"}],"wp:term":[{"taxonomy":"category","embeddable":true,"href":"https:\/\/ikimisli.tr\/index.php\/wp-json\/wp\/v2\/categories?post=78034"},{"taxonomy":"post_tag","embeddable":true,"href":"https:\/\/ikimisli.tr\/index.php\/wp-json\/wp\/v2\/tags?post=78034"}],"curies":[{"name":"wp","href":"https:\/\/api.w.org\/{rel}","templated":true}]}}