{"id":78070,"date":"2025-09-06T13:56:14","date_gmt":"2025-09-06T13:56:14","guid":{"rendered":"https:\/\/ikimisli.tr\/?p=78070"},"modified":"2025-09-06T13:56:14","modified_gmt":"2025-09-06T13:56:14","slug":"unlu-boksor-cumhurbaskani-adayi-oldu-ringi-birakip-siyasete-soyundu","status":"publish","type":"post","link":"https:\/\/ikimisli.tr\/index.php\/2025\/09\/06\/unlu-boksor-cumhurbaskani-adayi-oldu-ringi-birakip-siyasete-soyundu\/","title":{"rendered":"\u00dcnl\u00fc boks\u00f6r cumhurba\u015fkan\u0131 aday\u0131 oldu! Ringi b\u0131rak\u0131p siyasete soyundu"},"content":{"rendered":"<p>Karma d\u00f6v\u00fc\u015f sporlar\u0131n\u0131n d\u00fcnyaca \u00fcnl\u00fc ismi Conor McGregor, siyasete at\u0131ld\u0131. McGregor, 24 Ekim\u2019de yap\u0131lacak cumhurba\u015fkanl\u0131\u011f\u0131 se\u00e7iminde aday oldu\u011funu duyurdu.<\/p>\n<p>\u0130rlandal\u0131 sportmen, Beyaz Saray ziyareti s\u0131ras\u0131nda \u00e7ekti\u011fi g\u00f6r\u00fcnt\u00fcyle adayl\u0131\u011f\u0131n\u0131 ilan etti ve vatanda\u015flardan dayanak istedi. G\u00f6r\u00fcnt\u00fcde, se\u00e7ilmesi halinde hi\u00e7bir yasa tasar\u0131s\u0131n\u0131 halk\u0131n g\u00f6r\u00fc\u015f\u00fcne sunulmadan imzalamayaca\u011f\u0131n\u0131 vurgulad\u0131.<\/p>\n<p><b>ADAY OLMAK MECL\u0130S \u00dcYELER\u0130NE SESLEND\u0130<\/b><\/p>\n<p>Cumhurba\u015fkanl\u0131\u011f\u0131 adayl\u0131\u011f\u0131 i\u00e7in Meclis \u00fcyelerinin dayana\u011f\u0131n\u0131 almak zorunda olan McGregor, vatanda\u015flara il\u00e7e meclis \u00fcyeleriyle temasa ge\u00e7meleri davetinde bulundu. Atlet, meclis \u00fcyelerine seslenerek \u015funlar\u0131 s\u00f6yledi:<\/p>\n<p><strong>\u201cMeclis \u00fcyelerimiz toplumlar\u0131m\u0131z\u0131n omurgas\u0131d\u0131r. Oireachtas\u2019taki siyaset\u00e7ilerden daha \u00e7ok \u00e7al\u0131\u015f\u0131rlar ve halk i\u00e7in daha fazlas\u0131n\u0131 yaparlar. \u015eayet sesinizin duyulmad\u0131\u011f\u0131n\u0131, ellerinizin ba\u011fl\u0131 oldu\u011funu d\u00fc\u015f\u00fcn\u00fcyorsan\u0131z, yan\u0131mda olun. Beni aday g\u00f6sterin, size hakikaten duyulman\u0131z i\u00e7in gereken platformu ve g\u00fcc\u00fc sa\u011flayay\u0131m.\u201d<\/strong><\/p>\n<p>McGregor, daha evvel g\u00f6\u00e7men aksisi a\u00e7\u0131klamalar\u0131yla kamuoyunda tart\u0131\u015fma yaratm\u0131\u015ft\u0131. \u0130rlanda\u2019da yeni cumhurba\u015fkan\u0131 24 Ekim\u2019de yap\u0131lacak se\u00e7imle belirlenecek.<\/p>\n","protected":false},"excerpt":{"rendered":"<p>D\u00f6v\u00fc\u015f sporunun ikonik isimlerinden Conor McGregor cumhurba\u015fkanl\u0131\u011f\u0131na adayl\u0131\u011f\u0131n\u0131 a\u00e7\u0131klad\u0131<\/p>\n","protected":false},"author":1,"featured_media":78071,"comment_status":"open","ping_status":"open","sticky":false,"template":"","format":"standard","meta":{"footnotes":""},"categories":[43],"tags":[58,57],"class_list":["post-78070","post","type-post","status-publish","format-standard","has-post-thumbnail","hentry","category-dunya","tag-aday","tag-meclis"],"_links":{"self":[{"href":"https:\/\/ikimisli.tr\/index.php\/wp-json\/wp\/v2\/posts\/78070","targetHints":{"allow":["GET"]}}],"collection":[{"href":"https:\/\/ikimisli.tr\/index.php\/wp-json\/wp\/v2\/posts"}],"about":[{"href":"https:\/\/ikimisli.tr\/index.php\/wp-json\/wp\/v2\/types\/post"}],"author":[{"embeddable":true,"href":"https:\/\/ikimisli.tr\/index.php\/wp-json\/wp\/v2\/users\/1"}],"replies":[{"embeddable":true,"href":"https:\/\/ikimisli.tr\/index.php\/wp-json\/wp\/v2\/comments?post=78070"}],"version-history":[{"count":1,"href":"https:\/\/ikimisli.tr\/index.php\/wp-json\/wp\/v2\/posts\/78070\/revisions"}],"predecessor-version":[{"id":78072,"href":"https:\/\/ikimisli.tr\/index.php\/wp-json\/wp\/v2\/posts\/78070\/revisions\/78072"}],"wp:featuredmedia":[{"embeddable":true,"href":"https:\/\/ikimisli.tr\/index.php\/wp-json\/wp\/v2\/media\/78071"}],"wp:attachment":[{"href":"https:\/\/ikimisli.tr\/index.php\/wp-json\/wp\/v2\/media?parent=78070"}],"wp:term":[{"taxonomy":"category","embeddable":true,"href":"https:\/\/ikimisli.tr\/index.php\/wp-json\/wp\/v2\/categories?post=78070"},{"taxonomy":"post_tag","embeddable":true,"href":"https:\/\/ikimisli.tr\/index.php\/wp-json\/wp\/v2\/tags?post=78070"}],"curies":[{"name":"wp","href":"https:\/\/api.w.org\/{rel}","templated":true}]}}