{"id":78142,"date":"2025-09-06T16:20:13","date_gmt":"2025-09-06T16:20:13","guid":{"rendered":"https:\/\/ikimisli.tr\/?p=78142"},"modified":"2025-09-06T16:20:13","modified_gmt":"2025-09-06T16:20:13","slug":"prof-dr-naci-gorurden-afganistan-depremi-sonrasi-turkiyeye-kritik-uyari","status":"publish","type":"post","link":"https:\/\/ikimisli.tr\/index.php\/2025\/09\/06\/prof-dr-naci-gorurden-afganistan-depremi-sonrasi-turkiyeye-kritik-uyari\/","title":{"rendered":"Prof. Dr. Naci G\u00f6r\u00fcr&#8217;den Afganistan depremi sonras\u0131 T\u00fcrkiye&#8217;ye kritik uyar\u0131"},"content":{"rendered":"<p>Yer Bilimci Prof. Dr. Naci G\u00f6r\u00fcr, Afganistan\u2019da meydana gelen ve \u00e7ok say\u0131da can kayb\u0131na yol a\u00e7an 6 b\u00fcy\u00fckl\u00fc\u011f\u00fcndeki zelzelenin akabinde toplumsal medya \u00fczerinden k\u0131ymetli bir a\u00e7\u0131klamada bulundu. G\u00f6r\u00fcr, kentlerin sars\u0131nt\u0131 diren\u00e7li olmamas\u0131 halinde, g\u00f6rece k\u00fc\u00e7\u00fck say\u0131labilecek sars\u0131nt\u0131lar\u0131n bile b\u00fcy\u00fck felaketlere yol a\u00e7abilece\u011fini vurgulad\u0131.<\/p>\n<p>Afganistan\u2019da ya\u015fanan zelzelenin akabinde b\u00f6lgeden \u00e7ok say\u0131da meyyit ve yaral\u0131 haberi gelirken, Prof. Dr. Naci G\u00f6r\u00fcr, ya\u015fanan y\u0131k\u0131m\u0131n boyutlar\u0131na dikkat \u00e7ekti.<\/p>\n<p>\u201c6\u2019l\u0131k bir sars\u0131nt\u0131n\u0131n bu kadar ziyan vermesine inanmak g\u00fc\u00e7. Lakin inan\u0131n. Kentleriniz zelzele diren\u00e7li de\u011filse, inan\u0131n.\u201d<\/p>\n<p>G\u00f6r\u00fcr, bu a\u00e7\u0131klamas\u0131yla bilhassa Afganistan \u00fczere yap\u0131 sto\u011fu zay\u0131f, kontrols\u00fcz kentle\u015fmenin yayg\u0131n oldu\u011fu b\u00f6lgelerde sars\u0131nt\u0131n\u0131n y\u0131k\u0131c\u0131 tesirlerinin daha b\u00fcy\u00fck olabilece\u011fini tabir etti.<\/p>\n<p><b>\u201cDepreme Diren\u00e7li Kentler Olmazsa&#8230;\u201d<\/b><\/p>\n<p>Prof. Dr. G\u00f6r\u00fcr\u2019\u00fcn payla\u015f\u0131m\u0131, sadece Afganistan\u2019a de\u011fil, benzeri riskleri ta\u015f\u0131yan \u00fclkelere ve kentlere de dolayl\u0131 bir ikaz niteli\u011fi ta\u015f\u0131yor. T\u00fcrkiye\u2019nin de faal fay \u00e7izgileri \u00fczerinde yer ald\u0131\u011f\u0131na dikkat \u00e7eken G\u00f6r\u00fcr, daha evvelki a\u00e7\u0131klamalar\u0131nda da s\u0131k s\u0131k &#8220;deprem diren\u00e7li kentler&#8221; vurgusu yapm\u0131\u015ft\u0131.<\/p>\n<p><strong>Kendi toplumsal medya hesab\u0131ndan yapt\u0131\u011f\u0131 payla\u015f\u0131mda \u015fu s\u00f6zlere yer verdi:<\/strong><\/p>\n<p>&#8220;Afganistan yaralar\u0131n\u0131 sarmaya \u00e7al\u0131\u015f\u0131yor, d\u00fcnyadan yard\u0131m istiyor. Bir\u00e7ok yer y\u0131k\u0131k, d\u00f6k\u00fck. Y\u00fczlerce insan meyyit, binlercesi yaral\u0131. 6\u2019l\u0131k bir zelzelenin bu kadar ziyan vermesine inanmak g\u00fc\u00e7. Lakin inan\u0131n. Kentleriniz sars\u0131nt\u0131 diren\u00e7li de\u011fil ise inan\u0131n. Gelin ho\u015f \u00fclkemizin zelzele diren\u00e7li kentlerle bezenmesini talep edelim. H\u00fckumet, lokal idare, halk el ele.&#8221;<\/p>\n<p><img decoding=\"async\" src=\"https:\/\/ikimisli.tr\/wp-content\/uploads\/2025\/09\/prof-dr-naci-gorurden-afganistan-depremi-sonrasi-turkiyeye-kritik-uyari-0-g3N77HPY.jpeg\"\/><\/p>\n","protected":false},"excerpt":{"rendered":"<p>Zelzele bilimci Prof. Dr. Naci G\u00f6r\u00fcr toplumsal medya hesab\u0131ndan yapt\u0131\u011f\u0131 payla\u015f\u0131mda Afganistan&#8217;da ya\u015fanan sars\u0131nt\u0131 felaketinden bahsederek T\u00fcrkiye&#8217;ye dikkat \u00e7eken bir ihtar yapt\u0131<\/p>\n","protected":false},"author":1,"featured_media":78143,"comment_status":"open","ping_status":"open","sticky":false,"template":"","format":"standard","meta":{"footnotes":""},"categories":[25],"tags":[3834,4449,5008,9021],"class_list":["post-78142","post","type-post","status-publish","format-standard","has-post-thumbnail","hentry","category-gundem","tag-afganistan","tag-depremin","tag-gorur","tag-kentler"],"_links":{"self":[{"href":"https:\/\/ikimisli.tr\/index.php\/wp-json\/wp\/v2\/posts\/78142","targetHints":{"allow":["GET"]}}],"collection":[{"href":"https:\/\/ikimisli.tr\/index.php\/wp-json\/wp\/v2\/posts"}],"about":[{"href":"https:\/\/ikimisli.tr\/index.php\/wp-json\/wp\/v2\/types\/post"}],"author":[{"embeddable":true,"href":"https:\/\/ikimisli.tr\/index.php\/wp-json\/wp\/v2\/users\/1"}],"replies":[{"embeddable":true,"href":"https:\/\/ikimisli.tr\/index.php\/wp-json\/wp\/v2\/comments?post=78142"}],"version-history":[{"count":1,"href":"https:\/\/ikimisli.tr\/index.php\/wp-json\/wp\/v2\/posts\/78142\/revisions"}],"predecessor-version":[{"id":78145,"href":"https:\/\/ikimisli.tr\/index.php\/wp-json\/wp\/v2\/posts\/78142\/revisions\/78145"}],"wp:featuredmedia":[{"embeddable":true,"href":"https:\/\/ikimisli.tr\/index.php\/wp-json\/wp\/v2\/media\/78143"}],"wp:attachment":[{"href":"https:\/\/ikimisli.tr\/index.php\/wp-json\/wp\/v2\/media?parent=78142"}],"wp:term":[{"taxonomy":"category","embeddable":true,"href":"https:\/\/ikimisli.tr\/index.php\/wp-json\/wp\/v2\/categories?post=78142"},{"taxonomy":"post_tag","embeddable":true,"href":"https:\/\/ikimisli.tr\/index.php\/wp-json\/wp\/v2\/tags?post=78142"}],"curies":[{"name":"wp","href":"https:\/\/api.w.org\/{rel}","templated":true}]}}