{"id":78414,"date":"2025-09-07T08:32:11","date_gmt":"2025-09-07T08:32:11","guid":{"rendered":"https:\/\/ikimisli.tr\/?p=78414"},"modified":"2025-09-07T08:32:11","modified_gmt":"2025-09-07T08:32:11","slug":"tesla-elon-musktan-oyle-seyler-istedi-ki-hepsini-yerine-getirirse-musk-dunyanin-ilk-trilyoneri-olacak","status":"publish","type":"post","link":"https:\/\/ikimisli.tr\/index.php\/2025\/09\/07\/tesla-elon-musktan-oyle-seyler-istedi-ki-hepsini-yerine-getirirse-musk-dunyanin-ilk-trilyoneri-olacak\/","title":{"rendered":"Tesla, Elon Musk&#8217;tan \u00f6yle \u015feyler istedi ki hepsini yerine getirirse Musk d\u00fcnyan\u0131n ilk trilyoneri olacak"},"content":{"rendered":"<p>Cuma g\u00fcn\u00fc sunulan ve Kas\u0131m ay\u0131ndaki y\u0131ll\u0131k toplant\u0131da hissedarlar\u0131n oyuna sunulacak olan paket, d\u00fcnyan\u0131n en g\u00fc\u00e7l\u00fc \u015fahs\u0131 olan Musk&#8217;\u0131n servetine 900 milyar dolar daha ekleme potansiyeli ta\u015f\u0131yor. Lakin bunun i\u00e7in Musk&#8217;\u0131n ve Tesla&#8217;n\u0131n \u00f6n\u00fcm\u00fczdeki on y\u0131l i\u00e7inde neredeyse imkans\u0131z g\u00f6r\u00fcnen maksatlara ula\u015fmas\u0131 gerekiyor.<\/p>\n<p>Paketin tamam\u0131n\u0131n \u00f6denmesi i\u00e7in Musk&#8217;\u0131n ba\u015farmas\u0131 gerekenlerden kimileri \u015funlar:<\/p>\n<p>Tesla&#8217;n\u0131n borsa pahas\u0131n\u0131 mevcut 1,1 trilyon dolardan 8,5 trilyon dolara \u00e7\u0131karmak.<\/p>\n<p>Bir milyon otonom taksi ve bir milyon insans\u0131 robotun ticari da\u011f\u0131t\u0131m\u0131n\u0131 y\u00f6netmek.<\/p>\n<p>\u015eirketin faaliyet k\u00e2r\u0131n\u0131 17 milyar dolardan 400 milyar dolara y\u00fckseltmek.<\/p>\n<p>E\u011fer Musk bu ama\u00e7lara ula\u015f\u0131rsa, \u015firketteki pay\u0131 mevcut %13&#8217;ten yakla\u015f\u0131k %29&#8217;a y\u00fckselecek ve bu da ona bir CEO i\u00e7in gibisi g\u00f6r\u00fclmemi\u015f bir denetim g\u00fcc\u00fc verecek.<\/p>\n<p><b><span>Hissedarlar tepkili<\/span><\/b><\/p>\n<p>Bu c\u00f6mert teklif, \u015fimdiden birtak\u0131m yat\u0131r\u0131mc\u0131lar\u0131n ve ele\u015ftirmenlerin reaksiyonunu \u00e7ekmi\u015f durumda. Tenkitlerin temelinde, paketin &#8220;fahi\u015f&#8221; b\u00fcy\u00fckl\u00fc\u011f\u00fc ve Musk&#8217;\u0131n son devirdeki performans\u0131 yat\u0131yor.<\/p>\n<p>\u0130lerici bir k\u00fcme olan Americans for Financial Islahat&#8217;tan Natalia Renta, Tesla&#8217;da ortalama bir \u00e7al\u0131\u015fan\u0131n y\u0131ll\u0131k maa\u015f\u0131n\u0131n 60.000 dolardan az oldu\u011funu belirterek, &#8220;Yar\u0131 vakitli bir CEO&#8217;nun 1 trilyon dolara varabilecek bir maa\u015f almas\u0131 sahiden \u00e7ok fahi\u015f&#8221; dedi.<\/p>\n<p>Ele\u015ftirmenler ayr\u0131yeten, Musk&#8217;\u0131n siyasi polemiklerinin ve dikkatini SpaceX, X (eski Twitter) ve xAI \u00fczere \u00f6teki \u015firketlerine da\u011f\u0131tmas\u0131n\u0131n son bir y\u0131lda Tesla&#8217;n\u0131n sat\u0131\u015f ve k\u00e2rlar\u0131ndaki d\u00fc\u015f\u00fc\u015fte tesirli oldu\u011funu savunuyor.<\/p>\n<p>Bu yeni tazminat paketi, Musk&#8217;a 2018&#8217;de verilen ve o devir yakla\u015f\u0131k 56 milyar dolar k\u0131ymetinde olan bir evvelki paketin, bir Delaware hakimi taraf\u0131ndan &#8220;a\u015f\u0131r\u0131&#8221; bulunarak iptal edilmesinin akabinde geldi.<\/p>\n<p>Bu t\u00fcrel manisi a\u015fmak i\u00e7in k\u0131ymetli bir ad\u0131m atan Tesla, bu y\u0131l \u015firket merkezini, hissedar davalar\u0131n\u0131 zorla\u015ft\u0131ran maddelere sahip olan Teksas&#8217;a ta\u015f\u0131d\u0131. Teksas maddeleri, Elon Musk ve idare heyetindeki karde\u015fi Kimbal Musk&#8217;\u0131n kendi maa\u015f paketleri i\u00e7in oy kullanmas\u0131na da izin veriyor.<\/p>\n<p>Y\u00f6netim kurulu, bu devasa paketi, &#8220;Elon&#8217;u \u015firkette tutmak ve te\u015fvik etmek&#8221; i\u00e7in hayati g\u00f6rd\u00fcklerini belirtiyor. Onlara nazaran Tesla&#8217;n\u0131n gelece\u011fi yaln\u0131zca araba sat\u0131\u015flar\u0131nda de\u011fil, Musk&#8217;\u0131n vizyonu do\u011frultusunda yapay zek\u00e2, otonom ara\u00e7lar ve insans\u0131 robotlarda yat\u0131yor. Belirlenen tezli ama\u00e7lar de bu vizyonu yans\u0131t\u0131yor.<\/p>\n<p>Ancak analistler, Tesla&#8217;n\u0131n global elektrikli araba pazar\u0131nda \u00c7inli rakipleri BYD ve Geely&#8217;nin gerisinde kald\u0131\u011f\u0131na ve robotlar ile otonom ara\u00e7lar\u0131n \u015fimdi \u015firket i\u00e7in de\u011ferli bir gelir yaratmad\u0131\u011f\u0131na dikkat \u00e7ekiyor.<\/p>\n","protected":false},"excerpt":{"rendered":"<p>Tesla y\u00f6netim kurulu, CEO Elon Musk i\u00e7in, belirlenen ak\u0131l almaz gayelere ula\u015fmas\u0131 halinde kendisine yakla\u015f\u0131k 900 milyar dolar kazand\u0131rabilecek ve onu d\u00fcnyan\u0131n birinci trilyoneri yapabilecek yeni bir tazminat paketi teklif etti.<\/p>\n","protected":false},"author":1,"featured_media":78415,"comment_status":"open","ping_status":"open","sticky":false,"template":"","format":"standard","meta":{"footnotes":""},"categories":[43],"tags":[155,7205,402,9034],"class_list":["post-78414","post","type-post","status-publish","format-standard","has-post-thumbnail","hentry","category-dunya","tag-dolar","tag-muskin","tag-sirket","tag-teslanin"],"_links":{"self":[{"href":"https:\/\/ikimisli.tr\/index.php\/wp-json\/wp\/v2\/posts\/78414","targetHints":{"allow":["GET"]}}],"collection":[{"href":"https:\/\/ikimisli.tr\/index.php\/wp-json\/wp\/v2\/posts"}],"about":[{"href":"https:\/\/ikimisli.tr\/index.php\/wp-json\/wp\/v2\/types\/post"}],"author":[{"embeddable":true,"href":"https:\/\/ikimisli.tr\/index.php\/wp-json\/wp\/v2\/users\/1"}],"replies":[{"embeddable":true,"href":"https:\/\/ikimisli.tr\/index.php\/wp-json\/wp\/v2\/comments?post=78414"}],"version-history":[{"count":1,"href":"https:\/\/ikimisli.tr\/index.php\/wp-json\/wp\/v2\/posts\/78414\/revisions"}],"predecessor-version":[{"id":78416,"href":"https:\/\/ikimisli.tr\/index.php\/wp-json\/wp\/v2\/posts\/78414\/revisions\/78416"}],"wp:featuredmedia":[{"embeddable":true,"href":"https:\/\/ikimisli.tr\/index.php\/wp-json\/wp\/v2\/media\/78415"}],"wp:attachment":[{"href":"https:\/\/ikimisli.tr\/index.php\/wp-json\/wp\/v2\/media?parent=78414"}],"wp:term":[{"taxonomy":"category","embeddable":true,"href":"https:\/\/ikimisli.tr\/index.php\/wp-json\/wp\/v2\/categories?post=78414"},{"taxonomy":"post_tag","embeddable":true,"href":"https:\/\/ikimisli.tr\/index.php\/wp-json\/wp\/v2\/tags?post=78414"}],"curies":[{"name":"wp","href":"https:\/\/api.w.org\/{rel}","templated":true}]}}