{"id":78516,"date":"2025-09-07T14:20:12","date_gmt":"2025-09-07T14:20:12","guid":{"rendered":"https:\/\/ikimisli.tr\/?p=78516"},"modified":"2025-09-07T14:20:12","modified_gmt":"2025-09-07T14:20:12","slug":"eski-enistesiyle-evlenen-kardeniz-kilictan-parti-paylasimi","status":"publish","type":"post","link":"https:\/\/ikimisli.tr\/index.php\/2025\/09\/07\/eski-enistesiyle-evlenen-kardeniz-kilictan-parti-paylasimi\/","title":{"rendered":"Eski eni\u015ftesiyle evlenen Kardeniz K\u0131l\u0131\u00e7&#8217;tan parti payla\u015f\u0131m\u0131"},"content":{"rendered":"<p>Survivor yar\u0131\u015fmac\u0131lar\u0131ndan Kardeniz K\u0131l\u0131\u00e7 4 Eyl\u00fcl&#8217;de \u0130zmir&#8217;de nik\u00e2h masas\u0131na oturdu. <\/p>\n<p>K\u0131l\u0131\u00e7&#8217;\u0131n amcas\u0131n\u0131n k\u0131z\u0131n\u0131n bo\u015fand\u0131\u011f\u0131 e\u015fi, kamu vazifelisi Yetenekli Bekta\u015f ile evlendi\u011fi ve aile bireylerinin de bu nedenle d\u00fc\u011f\u00fcne kat\u0131lmad\u0131\u011f\u0131 arg\u00fcman edildi.<\/p>\n<p>Nik\u00e2hta \u00fcnl\u00fc ismi yak\u0131n arkada\u015f\u0131 Aleyna Kalayc\u0131o\u011flu yaln\u0131z b\u0131rakmad\u0131 ve K\u0131l\u0131\u00e7&#8217;a takviyesini g\u00f6sterdi.<\/p>\n<p><img decoding=\"async\" src=\"https:\/\/ikimisli.tr\/wp-content\/uploads\/2025\/09\/eski-enistesiyle-evlenen-kardeniz-kilictan-parti-paylasimi-0-EydVHLuC.jpeg\"\/><\/p>\n<p><em>Kardeniz K\u0131l\u0131\u00e7&#8217;\u0131n ge\u00e7mi\u015fte sevgilisiyle olan foto\u011fraflarda Becerikli Bekta\u015f&#8217;\u0131n y\u00fcz\u00fcn\u00fc b\u00e2t\u0131n tutmas\u0131 dikkat \u00e7ekmi\u015fti.<\/em><\/p>\n<p><b>&#8220;10 YIL EVVEL BO\u015eANDI 5 YILDIR B\u0130RL\u0130KTEY\u0130Z&#8221;<\/b><\/p>\n<p>D\u00fc\u011f\u00fcn\u00fcn akabinde gelen tenkitlere yan\u0131t veren K\u0131l\u0131\u00e7 toplumsal medya hesab\u0131ndan \u015fu a\u00e7\u0131klamay\u0131 yapt\u0131:<\/p>\n<p>&#8220;D\u00fc\u011f\u00fcn g\u00fcn\u00fcm\u00fczden beri birka\u00e7 ki\u015finin ortaya att\u0131\u011f\u0131 temelsiz haberlerin \u00e7o\u011falarak artmas\u0131 sonucu, ba\u015fta e\u015fimin eski e\u015finin durumdan rahats\u0131z olmas\u0131 sebebiyle bu a\u00e7\u0131klamay\u0131 yapmak zorunda kald\u0131m.&#8221;<\/p>\n<p>&#8220;E\u015fimin evlili\u011fi 10 y\u0131l evvel bitmekle birlikte ba\u011flant\u0131m\u0131z 5 y\u0131l evvel ba\u015flam\u0131\u015ft\u0131r. Ortada bahsedildi\u011fi \u00fczere aldatma, ay\u0131rma falan yoktur.&#8221;<\/p>\n<p><img decoding=\"async\" src=\"https:\/\/ikimisli.tr\/wp-content\/uploads\/2025\/09\/eski-enistesiyle-evlenen-kardeniz-kilictan-parti-paylasimi-1-r8Xk3PPf.jpeg\"\/><\/p>\n<p>&#8220;E\u015fimin eski e\u015fiyle de ortam\u0131zda bir sorun yoktur. Kendisi \u00e7\u0131kan bu temelsiz haberlerden \u00e7ok rahats\u0131z. Uyu\u015fmazl\u0131k sonucu bitmi\u015f bir evlili\u011fin akabinde uygar bir halde irtibat devam etmektedir.&#8221;<\/p>\n<p>&#8220;Ben etkile\u015fim almak i\u00e7in yap\u0131lan bu haberleri \u00f6nemsemesem de hususla ilgili hi\u00e7bir sorunu olmayan bir bayan\u0131n bu payla\u015f\u0131mlarla can\u0131n\u0131n s\u0131k\u0131lmas\u0131n\u0131 ve g\u00fcndelik hayat\u0131n\u0131n etkilenmesini istemiyorum.&#8221;<\/p>\n<p>&#8220;Ayr\u0131ca, mevzuyla ilgili \u00e7\u0131kan t\u00fcm temelsiz haber ve hakaretlerle ilgili hukuki s\u00fcre\u00e7ler ba\u015flat\u0131lacakt\u0131r.&#8221;<\/p>\n<p><b>PART\u0130 PAYLA\u015eIMI GELD\u0130<\/b><\/p>\n<p>Fenomen isim konu\u015fulmaya devam ederken, yeni bir payla\u015f\u0131mda bulundu. Bu kere d\u00fc\u011f\u00fcn sonras\u0131 ger\u00e7ekle\u015fen parti karelerini Instagram&#8217;da yay\u0131nlad\u0131.<\/p>\n<p><img decoding=\"async\" src=\"https:\/\/ikimisli.tr\/wp-content\/uploads\/2025\/09\/eski-enistesiyle-evlenen-kardeniz-kilictan-parti-paylasimi-2-DH1tcQhU.jpg\"\/><\/p>\n<p><img decoding=\"async\" src=\"https:\/\/ikimisli.tr\/wp-content\/uploads\/2025\/09\/eski-enistesiyle-evlenen-kardeniz-kilictan-parti-paylasimi-3-r6GrWkdn.jpg\"\/><\/p>\n<p><img decoding=\"async\" src=\"https:\/\/ikimisli.tr\/wp-content\/uploads\/2025\/09\/eski-enistesiyle-evlenen-kardeniz-kilictan-parti-paylasimi-4-Pelyg6QW.jpg\"\/><\/p>\n<p><img decoding=\"async\" src=\"https:\/\/ikimisli.tr\/wp-content\/uploads\/2025\/09\/eski-enistesiyle-evlenen-kardeniz-kilictan-parti-paylasimi-5-i1iRP3hl.jpeg\"\/><\/p>\n","protected":false},"excerpt":{"rendered":"<p>Kuzeninin eski e\u015fiyle evlenen Survivor yar\u0131\u015fmac\u0131s\u0131 Kardeniz K\u0131l\u0131\u00e7&#8217;tan yeni payla\u015f\u0131m geldi.<\/p>\n","protected":false},"author":1,"featured_media":78517,"comment_status":"open","ping_status":"open","sticky":false,"template":"","format":"standard","meta":{"footnotes":""},"categories":[27],"tags":[2255],"class_list":["post-78516","post","type-post","status-publish","format-standard","has-post-thumbnail","hentry","category-magazin","tag-kilic"],"_links":{"self":[{"href":"https:\/\/ikimisli.tr\/index.php\/wp-json\/wp\/v2\/posts\/78516","targetHints":{"allow":["GET"]}}],"collection":[{"href":"https:\/\/ikimisli.tr\/index.php\/wp-json\/wp\/v2\/posts"}],"about":[{"href":"https:\/\/ikimisli.tr\/index.php\/wp-json\/wp\/v2\/types\/post"}],"author":[{"embeddable":true,"href":"https:\/\/ikimisli.tr\/index.php\/wp-json\/wp\/v2\/users\/1"}],"replies":[{"embeddable":true,"href":"https:\/\/ikimisli.tr\/index.php\/wp-json\/wp\/v2\/comments?post=78516"}],"version-history":[{"count":1,"href":"https:\/\/ikimisli.tr\/index.php\/wp-json\/wp\/v2\/posts\/78516\/revisions"}],"predecessor-version":[{"id":78524,"href":"https:\/\/ikimisli.tr\/index.php\/wp-json\/wp\/v2\/posts\/78516\/revisions\/78524"}],"wp:featuredmedia":[{"embeddable":true,"href":"https:\/\/ikimisli.tr\/index.php\/wp-json\/wp\/v2\/media\/78517"}],"wp:attachment":[{"href":"https:\/\/ikimisli.tr\/index.php\/wp-json\/wp\/v2\/media?parent=78516"}],"wp:term":[{"taxonomy":"category","embeddable":true,"href":"https:\/\/ikimisli.tr\/index.php\/wp-json\/wp\/v2\/categories?post=78516"},{"taxonomy":"post_tag","embeddable":true,"href":"https:\/\/ikimisli.tr\/index.php\/wp-json\/wp\/v2\/tags?post=78516"}],"curies":[{"name":"wp","href":"https:\/\/api.w.org\/{rel}","templated":true}]}}