{"id":78735,"date":"2025-09-08T02:20:09","date_gmt":"2025-09-08T02:20:09","guid":{"rendered":"https:\/\/ikimisli.tr\/?p=78735"},"modified":"2025-09-08T02:20:09","modified_gmt":"2025-09-08T02:20:09","slug":"ahmet-kuralin-oglu-dogdu-ismini-bakin-ne-koydu","status":"publish","type":"post","link":"https:\/\/ikimisli.tr\/index.php\/2025\/09\/08\/ahmet-kuralin-oglu-dogdu-ismini-bakin-ne-koydu\/","title":{"rendered":"Ahmet Kural&#8217;\u0131n o\u011flu do\u011fdu! \u0130smini bak\u0131n ne koydu"},"content":{"rendered":"<p>\u00dcnl\u00fc oyuncu Ahmet Kural, 2023\u2019\u00fcn temmuz ay\u0131nda d\u00f6rt y\u0131ll\u0131k birlikteli\u011fini evlilikle ta\u00e7land\u0131rarak avukat \u00c7a\u011fla Gizem \u015eahin ile Bodrum\u2019da d\u00fcnyavine girdi. \u00dcnl\u00fc \u00e7ift, 2024&#8217;\u00fcn nisan ay\u0131nda birinci \u00e7ocuklar\u0131 Kemal\u2019i kucaklar\u0131na alarak anne-baba olman\u0131n sevincini ya\u015fam\u0131\u015ft\u0131.<\/p>\n<p>Ge\u00e7ti\u011fimiz may\u0131s ay\u0131nda ise Kural \u00e7iftinden m\u00fcjdeli bir haber daha gelmi\u015f, \u00c7a\u011fla Gizem Kural\u2019\u0131n ikinci sefer gebe oldu\u011fu ve \u00e7iftin erkek bebek bekledi\u011fi \u00f6\u011frenilmi\u015fti.<\/p>\n<p><img decoding=\"async\" src=\"https:\/\/ikimisli.tr\/wp-content\/uploads\/2025\/09\/ahmet-kuralin-oglu-dogdu-ismini-bakin-ne-koydu-0-V2n9KzmT.png\"\/><\/p>\n<p>Ahmet Kural ile \u00c7a\u011fla Gizem Kural, Demir ismini verdikleri o\u011fullar\u0131yla kavu\u015ftu. Memnun haberi toplumsal medya hesab\u0131ndan yapt\u0131\u011f\u0131 payla\u015f\u0131mla duyuran Ahmet Kural; &#8220;Biz art\u0131k d\u00f6rt ki\u015filik bir aileyiz. Kemal\u2019imizin karde\u015fi, can\u0131m o\u011flumuz Demir, be\u011fenilen geldin&#8221; kelamlar\u0131yla hislerini a\u00e7\u0131klad\u0131.<\/p>\n<p><img decoding=\"async\" src=\"https:\/\/ikimisli.tr\/wp-content\/uploads\/2025\/09\/ahmet-kuralin-oglu-dogdu-ismini-bakin-ne-koydu-1-ufDkxUkm.png\"\/><\/p>\n","protected":false},"excerpt":{"rendered":"<p>\u00dcnl\u00fc oyuncu Ahmet Kural ile avukat e\u015fi \u00c7a\u011fla Gizem Kural, ikinci \u00e7ocuklar\u0131n\u0131 kucaklar\u0131na ald\u0131. \u00dcnl\u00fc \u00e7ift \u00e7ocu\u011funa Demir ismini verdi.<\/p>\n","protected":false},"author":1,"featured_media":78736,"comment_status":"open","ping_status":"open","sticky":false,"template":"","format":"standard","meta":{"footnotes":""},"categories":[27],"tags":[1630],"class_list":["post-78735","post","type-post","status-publish","format-standard","has-post-thumbnail","hentry","category-magazin","tag-kural"],"_links":{"self":[{"href":"https:\/\/ikimisli.tr\/index.php\/wp-json\/wp\/v2\/posts\/78735","targetHints":{"allow":["GET"]}}],"collection":[{"href":"https:\/\/ikimisli.tr\/index.php\/wp-json\/wp\/v2\/posts"}],"about":[{"href":"https:\/\/ikimisli.tr\/index.php\/wp-json\/wp\/v2\/types\/post"}],"author":[{"embeddable":true,"href":"https:\/\/ikimisli.tr\/index.php\/wp-json\/wp\/v2\/users\/1"}],"replies":[{"embeddable":true,"href":"https:\/\/ikimisli.tr\/index.php\/wp-json\/wp\/v2\/comments?post=78735"}],"version-history":[{"count":1,"href":"https:\/\/ikimisli.tr\/index.php\/wp-json\/wp\/v2\/posts\/78735\/revisions"}],"predecessor-version":[{"id":78739,"href":"https:\/\/ikimisli.tr\/index.php\/wp-json\/wp\/v2\/posts\/78735\/revisions\/78739"}],"wp:featuredmedia":[{"embeddable":true,"href":"https:\/\/ikimisli.tr\/index.php\/wp-json\/wp\/v2\/media\/78736"}],"wp:attachment":[{"href":"https:\/\/ikimisli.tr\/index.php\/wp-json\/wp\/v2\/media?parent=78735"}],"wp:term":[{"taxonomy":"category","embeddable":true,"href":"https:\/\/ikimisli.tr\/index.php\/wp-json\/wp\/v2\/categories?post=78735"},{"taxonomy":"post_tag","embeddable":true,"href":"https:\/\/ikimisli.tr\/index.php\/wp-json\/wp\/v2\/tags?post=78735"}],"curies":[{"name":"wp","href":"https:\/\/api.w.org\/{rel}","templated":true}]}}