{"id":7901,"date":"2025-01-31T03:48:08","date_gmt":"2025-01-31T03:48:08","guid":{"rendered":"https:\/\/ikimisli.tr\/?p=7901"},"modified":"2025-01-31T03:48:08","modified_gmt":"2025-01-31T03:48:08","slug":"milli-basketbolcuyu-olduren-surucu-tahliye-edildi-sosyal-medya-ayaga-kaldirdi","status":"publish","type":"post","link":"https:\/\/ikimisli.tr\/index.php\/2025\/01\/31\/milli-basketbolcuyu-olduren-surucu-tahliye-edildi-sosyal-medya-ayaga-kaldirdi\/","title":{"rendered":"Milli basketbolcuyu \u00f6ld\u00fcren s\u00fcr\u00fcc\u00fc tahliye edildi: Sosyal medya aya\u011fa kald\u0131rd\u0131"},"content":{"rendered":"<div>\n<div>\n<div>\u00a0<\/div>\n<\/p><\/div>\n<\/p><\/div>\n<div>\n<p>Basketbol Harika Ligi&#8217;nde y\u0131llarca u\u011fra\u015f eden ve bir periyot A Ulusal Kadro formas\u0131 giyen \u0130lkan Karaman, yolun kar\u015f\u0131s\u0131na ge\u00e7mek isterken in\u015faat m\u00fchendisi Emre Ali Ba\u015fkan&#8217;\u0131n kulland\u0131\u011f\u0131 araban\u0131n \u00e7arpmas\u0131 sonucu a\u011f\u0131r yaraland\u0131. Olay yerine sevk edilen s\u0131hhat tak\u0131mlar\u0131, Karaman&#8217;\u0131 Marmaris Devlet Hastanesi&#8217;ne kald\u0131rd\u0131, fakat t\u00fcm m\u00fcdahalelere kar\u015f\u0131n Karaman kurtar\u0131lamayarak hayat\u0131n\u0131 kaybetti. Kazan\u0131n akabinde ba\u015flat\u0131lan soru\u015fturma s\u00fcrerken, \u0130lkan Karaman&#8217;\u0131n vefat\u0131, basketbol toplulu\u011funda b\u00fcy\u00fck kedere yol a\u00e7t\u0131.<\/p>\n<p>Kazan\u0131n akabinde ka\u00e7an \u015fof\u00f6r Emre Ali Lider tutukland\u0131. Lakin, mahkeme 1.19 promil alkoll\u00fc oldu\u011fu belirlenen \u00d6nder\u2019in cezaevinde ge\u00e7irdi\u011fi s\u00fcreyi g\u00f6z \u00f6n\u00fcnde bulundurarak isimli denetimle tahliye edilmesine karar verdi.\u00a0<\/p>\n<p><b>BA\u015eSAVCILIK \u0130T\u0130RAZ ETT\u0130<\/b><\/p>\n<p>Mahkemenin karar\u0131na, Mu\u011fla Cumhuriyet Ba\u015fsavc\u0131l\u0131\u011f\u0131n\u0131n talimat\u0131yla san\u0131k Lider hakk\u0131nda verilen tahliye karar\u0131na itiraz edildi.<\/p>\n<p><b>TEPK\u0130LER \u00c7I\u011e \u00dcZERE B\u00dcY\u00dcYOR<\/b><\/p>\n<p>Karar, basketbol toplulu\u011funda ve toplumsal medyada b\u00fcy\u00fck reaksiyon toplad\u0131. Tahliye karar\u0131na \u00f6zellikle basketbol toplulu\u011fu sert reaksiyon g\u00f6sterdi.\u00a0 Profesyonel Basketbolcular Derne\u011fi (BASKED), tahliye karar\u0131na itiraz ederek isimli s\u00fcreci yak\u0131ndan takip edeceklerini belirtti.\u00a0<\/p>\n<p>G\u00f6ztepe Basketbol Y\u00f6netim Kurulu da dava belgesine m\u00fcdahil olarak, tahliye karar\u0131na itiraz etti. Kul\u00fcpten yap\u0131lan a\u00e7\u0131klamada \u015fu tabirler kullan\u0131ld\u0131:<\/p>\n<p>\u201cG\u00f6ztepe Spor Kul\u00fcb\u00fc Basketbol \u015eubesi, \u0130lkan Karaman\u2019\u0131n hayat\u0131n\u0131 kaybetmesine neden olan \u015fof\u00f6r\u00fcn olay s\u0131ras\u0131nda alkoll\u00fc olmas\u0131, \u015fimdi kan\u0131tlar\u0131n toplanmas\u0131n\u0131n tamamlanmamas\u0131 ve olay yerinde yaral\u0131 halde b\u0131rakarak ka\u00e7mas\u0131na kar\u015f\u0131n, tahliye edilmesine duydu\u011fu hayal k\u0131r\u0131kl\u0131\u011f\u0131n\u0131 ve bunun yaratt\u0131\u011f\u0131 derin \u00fcz\u00fcnt\u00fcy\u00fc payla\u015fmaktad\u0131r. A\u00e7\u0131klanan sebeplerle \u0130dare Heyetimizin ald\u0131\u011f\u0131 karar do\u011frultusunda, dava evrak\u0131na m\u00fcdahale dilek\u00e7esi verilmi\u015f olup, tahliye karar\u0131na itiraz edilmi\u015ftir. Bu s\u00fcre\u00e7te, yaln\u0131zca \u0130lkan ve ailesi i\u00e7in de\u011fil, t\u00fcm spor toplulu\u011fu i\u00e7in adaletin yerini bulmas\u0131 ve kamu vicdan\u0131n\u0131n rahatlamas\u0131 ismine \u00e7aba edece\u011fimizi kamuoyunun bilgisine sunar\u0131z\u201d<\/p>\n<p>R\u0131fat Karlova da toplumsal medya hesab\u0131ndan yapt\u0131\u011f\u0131 payla\u015f\u0131mda adaletin sa\u011flanmad\u0131\u011f\u0131n\u0131 ve alkoll\u00fc \u015fof\u00f6r\u00fcn \u00f6zg\u00fcr b\u0131rak\u0131lmas\u0131n\u0131 ele\u015ftirerek isyan etti.<\/p>\n<p><img decoding=\"async\" src=\"https:\/\/ikimisli.tr\/wp-content\/uploads\/2025\/01\/milli-basketbolcuyu-olduren-surucu-tahliye-edildi-sosyal-medya-ayaga-kaldirdi-0-ZRkLh9tp.png\"\/><\/p>\n<p><b>\u0130LKAN \u0130\u00c7\u0130N ADALET<\/b><\/p>\n<p>Binlerce ki\u015fi toplumsal medyada, \u201c\u0130lkan Karaman i\u00e7in adalet\u201d daveti yapt\u0131. #\u0130lkanKaramani\u00e7inAdalet ba\u015fl\u0131\u011f\u0131yla payla\u015f\u0131m yapan binlerce ki\u015fi, karara reaksiyon g\u00f6sterdi. \u00a0<\/p>\n<p>Tahliye karar\u0131na basketbol toplulu\u011fu da sert reaksiyon g\u00f6sterdi. Evvelki g\u00fcn ve d\u00fcn oynan basketbol ligi m\u00fcsabakalar\u0131ndan evvel ve sonra bir\u00e7ok oyuncu r\u00f6portajlarda bu bahse da de\u011findi.\u00a0<\/p>\n<p>\u00a0<\/p>\n<p>\u00a0<\/p>\n<\/p><\/div>\n","protected":false},"excerpt":{"rendered":"<p>Bir devir A Ulusal Kadro&#8217;da da forma giymi\u015f ulusal basketbolcu \u0130lkan Karaman, in\u015faat m\u00fchendisi Emre Ali Ba\u015fkan&#8217;\u0131n kulland\u0131\u011f\u0131 araban\u0131n \u00e7arpmas\u0131yla hayat\u0131n\u0131 kaybetti. Alkol\u00fc oldu\u011fu \u00f6\u011frenilen \u015fof\u00f6r ise s\u0131rf 4 ay tutuklu kald\u0131 isimli denetim kural\u0131yla h\u00fcr b\u0131rak\u0131ld\u0131. Toplumsal medyada ulusal, basketbolcunun vefat\u0131na sebep olan \u015fof\u00f6r\u00fcn tahliye edilmesine reaksiyonlar \u00e7\u0131\u011f \u00fczere b\u00fcy\u00fcd\u00fc.  Binlerce ki\u015fi toplumsal medyada, \u201c\u0130lkan Karaman i\u00e7in adalet\u201d daveti yapt\u0131.<\/p>\n","protected":false},"author":1,"featured_media":7902,"comment_status":"open","ping_status":"open","sticky":false,"template":"","format":"standard","meta":{"footnotes":""},"categories":[25],"tags":[801,1939,1937,1938,1940],"class_list":["post-7901","post","type-post","status-publish","format-standard","has-post-thumbnail","hentry","category-gundem","tag-basketbol","tag-camiasi","tag-ilkan","tag-karaman","tag-tepki"],"_links":{"self":[{"href":"https:\/\/ikimisli.tr\/index.php\/wp-json\/wp\/v2\/posts\/7901","targetHints":{"allow":["GET"]}}],"collection":[{"href":"https:\/\/ikimisli.tr\/index.php\/wp-json\/wp\/v2\/posts"}],"about":[{"href":"https:\/\/ikimisli.tr\/index.php\/wp-json\/wp\/v2\/types\/post"}],"author":[{"embeddable":true,"href":"https:\/\/ikimisli.tr\/index.php\/wp-json\/wp\/v2\/users\/1"}],"replies":[{"embeddable":true,"href":"https:\/\/ikimisli.tr\/index.php\/wp-json\/wp\/v2\/comments?post=7901"}],"version-history":[{"count":1,"href":"https:\/\/ikimisli.tr\/index.php\/wp-json\/wp\/v2\/posts\/7901\/revisions"}],"predecessor-version":[{"id":7904,"href":"https:\/\/ikimisli.tr\/index.php\/wp-json\/wp\/v2\/posts\/7901\/revisions\/7904"}],"wp:featuredmedia":[{"embeddable":true,"href":"https:\/\/ikimisli.tr\/index.php\/wp-json\/wp\/v2\/media\/7902"}],"wp:attachment":[{"href":"https:\/\/ikimisli.tr\/index.php\/wp-json\/wp\/v2\/media?parent=7901"}],"wp:term":[{"taxonomy":"category","embeddable":true,"href":"https:\/\/ikimisli.tr\/index.php\/wp-json\/wp\/v2\/categories?post=7901"},{"taxonomy":"post_tag","embeddable":true,"href":"https:\/\/ikimisli.tr\/index.php\/wp-json\/wp\/v2\/tags?post=7901"}],"curies":[{"name":"wp","href":"https:\/\/api.w.org\/{rel}","templated":true}]}}