{"id":79525,"date":"2025-09-10T00:20:08","date_gmt":"2025-09-10T00:20:08","guid":{"rendered":"https:\/\/ikimisli.tr\/?p=79525"},"modified":"2025-09-10T00:20:08","modified_gmt":"2025-09-10T00:20:08","slug":"ankara-kulislerini-muthis-iddia-kilicdaroglu-gelirse-21-eyluldeki-kurultayi-iptal-edecek","status":"publish","type":"post","link":"https:\/\/ikimisli.tr\/index.php\/2025\/09\/10\/ankara-kulislerini-muthis-iddia-kilicdaroglu-gelirse-21-eyluldeki-kurultayi-iptal-edecek\/","title":{"rendered":"Ankara kulislerini m\u00fcthi\u015f iddia: &#8220;K\u0131l\u0131\u00e7daro\u011flu gelirse 21 Eyl\u00fcl&#8217;deki kurultay\u0131 iptal edecek&#8221;"},"content":{"rendered":"<p>Gazeteci Bar\u0131\u015f Pehlivan Onlar TV&#8217;de dikkat al\u0131ml\u0131 bir iddiay\u0131 aktard\u0131&#8230;<\/p>\n<p>CHP \u0130stanbul vilayet idaresine kayy\u0131m atanmas\u0131n\u0131n akabinde g\u00f6zler 15 Eyl\u00fcl&#8217;deki kurultay davas\u0131na \u00e7evrildi.<\/p>\n<p>Kayyum karar\u0131n\u0131n akabinde, kurultay davas\u0131ndan mutlak butlan \u00e7\u0131kabilece\u011fi ve CHP Genel Merkez&#8217;e de kayy\u0131m atanabilece\u011fi yorumlar\u0131 yap\u0131ld\u0131. Bu geli\u015fmeler \u00fczerine T\u00fcrkiye genelindeki delegeler, inan\u0131lmaz kurultay i\u00e7in imza toplad\u0131.<\/p>\n<p>Bine yak\u0131n delegenin imzas\u0131yla, CHP&#8217;de 21 Eyl\u00fcl&#8217;de fevkal\u00e2de kurultaya gidilmesi kararla\u015ft\u0131r\u0131ld\u0131.<\/p>\n<p>CHP Genel Ba\u015fkan\u0131 \u00d6zg\u00fcr \u00d6zel, kurultay\u0131n delege oylar\u0131yla yap\u0131laca\u011f\u0131n\u0131, genel liderin tek ba\u015f\u0131na engelleyemeyece\u011fini ve hukuka b\u00fcsb\u00fct\u00fcn uygun oldu\u011funu vurgulad\u0131. Ayr\u0131yeten muhtemel bir mutlak butlan karar\u0131nda, kayy\u0131m\u0131n s\u0131rf 6 g\u00fcn vazifede kalabilece\u011fini tabir etti.<\/p>\n<p>Terko\u011flu, \u015funlar\u0131 s\u00f6yledi:<\/p>\n<p>Kemal K\u0131l\u0131\u00e7daro\u011flu, etraf\u0131na \u015funu s\u00f6ylemi\u015f: Ben bu mevzular hakk\u0131nda konu\u015fmayaca\u011f\u0131m, siz de konu\u015fmay\u0131n. Esasen bu mevzuda bir sessizlik var. Bu y\u00fczden hi\u00e7 konu\u015fmuyorlar. K\u0131l\u0131\u00e7daro\u011flu&#8217;nun etraf\u0131na sordum, &#8217;15 Eyl\u00fcl&#8217;de mutlak butlan karar\u0131 \u00e7\u0131karsa K\u0131l\u0131\u00e7daro\u011flu bu karar\u0131 kabul eder mi?&#8217; diye sordum. Onun etraf\u0131ndaki insanlar\u0131n genel kabul\u00fc, mahkemenin verdi\u011fi karar\u0131 kabul edece\u011fi istikametinde.<\/p>\n<p>-K\u0131l\u0131\u00e7daro\u011flu&#8217;nun etraf\u0131ndaki isimlerin bir\u00e7ok ve bence K\u0131l\u0131\u00e7daro\u011flu da, Kas\u0131m 2023&#8217;teki kurultayda kendilerine kar\u015f\u0131 hile yap\u0131ld\u0131\u011f\u0131n\u0131 d\u00fc\u015f\u00fcn\u00fcyor. \u015eaibe oldu\u011fu d\u00fc\u015f\u00fcn\u00fcyor, etraf\u0131ndakiler de bu t\u00fcrl\u00fc d\u00fc\u015f\u00fcn\u00fcyor. Kendisine kar\u015f\u0131 hile yap\u0131ld\u0131\u011f\u0131, maddi imkanlarla delegeli\u011fin fesata u\u011frat\u0131ld\u0131\u011f\u0131 ve genel ba\u015fkanl\u0131\u011f\u0131n bu t\u00fcrl\u00fc kaybedildi\u011fini d\u00fc\u015f\u00fcn\u00fcyorlar.<\/p>\n<p>-Hem bu t\u00fcrl\u00fc d\u00fc\u015f\u00fcnd\u00fc\u011f\u00fc i\u00e7in hem de mahkeme bu t\u00fcrl\u00fc bir karar verece\u011fi i\u00e7in etraf\u0131ndakiler K\u0131l\u0131\u00e7daro\u011flu&#8217;nun bunu kabul edece\u011fini s\u00f6yl\u00fcyor.<\/p>\n<p>-E\u011fer koltu\u011fa gelirse, 21 Eyl\u00fcl&#8217;deki kurultay\u0131 iptal edecek. \u015e\u00f6yle diyecekler: Delege imzas\u0131yla kurultaya gidiliyor. Zaten parti 2023 Kas\u0131m&#8217;a geri d\u00f6nd\u00fc\u011f\u00fc i\u00e7in bu delege imzalar\u0131 da genel lider onay\u0131 da sonraki b\u00fct\u00fcn s\u00fcre\u00e7 de karars\u0131zd\u0131r diyecekler.<\/p>\n<p>-CHP Genel Merkezi &#8216;ben yapm\u0131yorum&#8217; derse ve genel olarak mahkeme b\u00fct\u00fcn delegeyi iptal ederse ne olacak?<\/p>\n","protected":false},"excerpt":{"rendered":"<p>Gazeteci Bar\u0131\u015f Terko\u011flu, 15 Eyl\u00fcl&#8217;deki kurultay davas\u0131nda mutlak butlan karar\u0131 \u00e7\u0131kmas\u0131 ve Kemal K\u0131l\u0131\u00e7daro\u011flu&#8217;nun yeniden CHP Genel Ba\u015fkan\u0131 olmas\u0131 halinde, 21 Eyl\u00fcl&#8217;deki inan\u0131lmaz kurultay\u0131n iptal edilece\u011fini belirtti. Lakin, 15 Eyl\u00fcl&#8217;de idare de\u011fi\u015fse bile K\u0131l\u0131\u00e7daro\u011flu ve tak\u0131m\u0131n\u0131n hukuken genel merkezin alaca\u011f\u0131 bir kararla harika kurultay\u0131 durdurma yetkisi bulunmuyor.<\/p>\n","protected":false},"author":1,"featured_media":79526,"comment_status":"open","ping_status":"open","sticky":false,"template":"","format":"standard","meta":{"footnotes":""},"categories":[25],"tags":[60,7755,488,5191,5878],"class_list":["post-79525","post","type-post","status-publish","format-standard","has-post-thumbnail","hentry","category-gundem","tag-chp","tag-delege","tag-karari","tag-kilicdaroglu","tag-kurultay"],"_links":{"self":[{"href":"https:\/\/ikimisli.tr\/index.php\/wp-json\/wp\/v2\/posts\/79525","targetHints":{"allow":["GET"]}}],"collection":[{"href":"https:\/\/ikimisli.tr\/index.php\/wp-json\/wp\/v2\/posts"}],"about":[{"href":"https:\/\/ikimisli.tr\/index.php\/wp-json\/wp\/v2\/types\/post"}],"author":[{"embeddable":true,"href":"https:\/\/ikimisli.tr\/index.php\/wp-json\/wp\/v2\/users\/1"}],"replies":[{"embeddable":true,"href":"https:\/\/ikimisli.tr\/index.php\/wp-json\/wp\/v2\/comments?post=79525"}],"version-history":[{"count":1,"href":"https:\/\/ikimisli.tr\/index.php\/wp-json\/wp\/v2\/posts\/79525\/revisions"}],"predecessor-version":[{"id":79527,"href":"https:\/\/ikimisli.tr\/index.php\/wp-json\/wp\/v2\/posts\/79525\/revisions\/79527"}],"wp:featuredmedia":[{"embeddable":true,"href":"https:\/\/ikimisli.tr\/index.php\/wp-json\/wp\/v2\/media\/79526"}],"wp:attachment":[{"href":"https:\/\/ikimisli.tr\/index.php\/wp-json\/wp\/v2\/media?parent=79525"}],"wp:term":[{"taxonomy":"category","embeddable":true,"href":"https:\/\/ikimisli.tr\/index.php\/wp-json\/wp\/v2\/categories?post=79525"},{"taxonomy":"post_tag","embeddable":true,"href":"https:\/\/ikimisli.tr\/index.php\/wp-json\/wp\/v2\/tags?post=79525"}],"curies":[{"name":"wp","href":"https:\/\/api.w.org\/{rel}","templated":true}]}}