{"id":79610,"date":"2025-09-10T04:56:07","date_gmt":"2025-09-10T04:56:07","guid":{"rendered":"https:\/\/ikimisli.tr\/?p=79610"},"modified":"2025-09-10T04:56:07","modified_gmt":"2025-09-10T04:56:07","slug":"kullanici-verileri-tehlikede-mi-whatsapp-calisanindan-dava","status":"publish","type":"post","link":"https:\/\/ikimisli.tr\/index.php\/2025\/09\/10\/kullanici-verileri-tehlikede-mi-whatsapp-calisanindan-dava\/","title":{"rendered":"Kullan\u0131c\u0131 verileri tehlikede mi? WhatsApp \u00e7al\u0131\u015fan\u0131ndan dava"},"content":{"rendered":"<p>ABD merkezli Meta \u015firketinin iletile\u015fme uygulamas\u0131 WhatsApp&#8217;\u0131n eski g\u00fcvenlik \u015fefi, uygulaman\u0131n milyarlarca kullan\u0131c\u0131s\u0131n\u0131 riske atan g\u00fcvenlik ve kapal\u0131l\u0131k a\u00e7\u0131klar\u0131n\u0131n yetkililerce dikkate al\u0131nmad\u0131\u011f\u0131 gerek\u00e7esiyle \u015firkete dava a\u00e7t\u0131.<\/p>\n<p>New York Times (NYT) gazetesinin haberine nazaran, WhatsApp&#8217;\u0131n eski g\u00fcvenlik \u015fefi Attaullah Baig, siber g\u00fcvenlik tasalar\u0131 nedeniyle s\u0131kl\u0131kla g\u00fcndeme gelen Meta&#8217;ya y\u00f6nelik kimi tezlerle mahkemeye ba\u015fvurdu.<\/p>\n<p>Baig, California Kuzey B\u00f6lge Mahkemesine sundu\u011fu dava dilek\u00e7esinde \u015firketi, milyarlarca WhatsApp kullan\u0131c\u0131s\u0131n\u0131 tehlikeye atan g\u00fcvenlik ve kapal\u0131l\u0131k a\u00e7\u0131klar\u0131na kar\u015f\u0131 gerekli ad\u0131mlar\u0131 atmamakla su\u00e7lad\u0131.<\/p>\n<p>Binlerce \u015firket \u00e7al\u0131\u015fan\u0131n\u0131n, WhatsApp kullan\u0131c\u0131lar\u0131n\u0131n hassas bilgilerine eri\u015febilece\u011fini belirten Baig, Meta&#8217;n\u0131n ayr\u0131yeten her g\u00fcn 100 binden fazla hesaba y\u00f6nelik siber taarruzlarla da uygun bi\u00e7imde u\u011fra\u015f etmedi\u011fini s\u00f6z etti.<\/p>\n<p>Baig, kontrolleri s\u0131ras\u0131nda tespit etti\u011fi g\u00fcvenlik zafiyetleri konusunda \u015firketin \u00fcst y\u00f6neticisi (CEO) Mark Zuckerberg dahil yetkililerini uyard\u0131\u011f\u0131n\u0131 lakin \u015fubatta bu te\u015febb\u00fcs\u00fcne &#8220;misilleme&#8221; olarak i\u015ften \u00e7\u0131kar\u0131ld\u0131\u011f\u0131n\u0131 savundu.<\/p>\n<p>Bir meta s\u00f6zc\u00fcs\u00fc ise bahse ait a\u00e7\u0131klamas\u0131nda, davadaki tezleri, &#8220;d\u00fc\u015f\u00fck performans\u0131 nedeniyle i\u015ften \u00e7\u0131kar\u0131lan eski bir \u00e7al\u0131\u015fan\u0131n, grubumuzun s\u0131k\u0131 \u00e7al\u0131\u015fmalar\u0131n\u0131 yanl\u0131\u015f temsil eden iddialar\u0131&#8221; halinde nitelendirerek reddetti.<\/p>\n","protected":false},"excerpt":{"rendered":"<p>Eski WhatsApp \u00e7al\u0131\u015fan\u0131, kullan\u0131c\u0131lar\u0131n bilgilerini tehlikeye att\u0131\u011f\u0131 gerek\u00e7esiyle Meta&#8217;ya dava a\u00e7t\u0131.<\/p>\n","protected":false},"author":1,"featured_media":79611,"comment_status":"open","ping_status":"open","sticky":false,"template":"","format":"standard","meta":{"footnotes":""},"categories":[31],"tags":[1525,402],"class_list":["post-79610","post","type-post","status-publish","format-standard","has-post-thumbnail","hentry","category-teknoloji","tag-guvenlik","tag-sirket"],"_links":{"self":[{"href":"https:\/\/ikimisli.tr\/index.php\/wp-json\/wp\/v2\/posts\/79610","targetHints":{"allow":["GET"]}}],"collection":[{"href":"https:\/\/ikimisli.tr\/index.php\/wp-json\/wp\/v2\/posts"}],"about":[{"href":"https:\/\/ikimisli.tr\/index.php\/wp-json\/wp\/v2\/types\/post"}],"author":[{"embeddable":true,"href":"https:\/\/ikimisli.tr\/index.php\/wp-json\/wp\/v2\/users\/1"}],"replies":[{"embeddable":true,"href":"https:\/\/ikimisli.tr\/index.php\/wp-json\/wp\/v2\/comments?post=79610"}],"version-history":[{"count":1,"href":"https:\/\/ikimisli.tr\/index.php\/wp-json\/wp\/v2\/posts\/79610\/revisions"}],"predecessor-version":[{"id":79612,"href":"https:\/\/ikimisli.tr\/index.php\/wp-json\/wp\/v2\/posts\/79610\/revisions\/79612"}],"wp:featuredmedia":[{"embeddable":true,"href":"https:\/\/ikimisli.tr\/index.php\/wp-json\/wp\/v2\/media\/79611"}],"wp:attachment":[{"href":"https:\/\/ikimisli.tr\/index.php\/wp-json\/wp\/v2\/media?parent=79610"}],"wp:term":[{"taxonomy":"category","embeddable":true,"href":"https:\/\/ikimisli.tr\/index.php\/wp-json\/wp\/v2\/categories?post=79610"},{"taxonomy":"post_tag","embeddable":true,"href":"https:\/\/ikimisli.tr\/index.php\/wp-json\/wp\/v2\/tags?post=79610"}],"curies":[{"name":"wp","href":"https:\/\/api.w.org\/{rel}","templated":true}]}}