{"id":79646,"date":"2025-09-10T06:56:08","date_gmt":"2025-09-10T06:56:08","guid":{"rendered":"https:\/\/ikimisli.tr\/?p=79646"},"modified":"2025-09-10T06:56:08","modified_gmt":"2025-09-10T06:56:08","slug":"yandas-medyada-ozgur-ozele-selahattin-demirtas-tehdidi","status":"publish","type":"post","link":"https:\/\/ikimisli.tr\/index.php\/2025\/09\/10\/yandas-medyada-ozgur-ozele-selahattin-demirtas-tehdidi\/","title":{"rendered":"Yanda\u015f medyada \u00d6zg\u00fcr \u00d6zel&#8217;e Selahattin Demirta\u015f tehdidi"},"content":{"rendered":"<p>CHP \u0130stanbul Vilayet Ba\u015fkanl\u0131\u011f\u0131&#8217;na kayyum olarak G\u00fcrsel Tekin ve beraberindeki heyetin atanmas\u0131n\u0131n akabinde CHP&#8217;li vekillerin davetiyle &#8216;parti \u00fcyeleri&#8217; vilayet ba\u015fkanl\u0131\u011f\u0131 binas\u0131na davet edildi.<\/p>\n<p>\u0130ktidara yak\u0131n medya, &#8220;sokak \u00e7a\u011fr\u0131s\u0131&#8221; olarak lanse ederken CHP lideri \u00d6zg\u00fcr \u00d6zel&#8217;e de kelam konusu davet \u00fczerinden mahpus tehdidinde bulunuldu.<\/p>\n<p><b>&#8220;NE BEN NE DE PART\u0130MDEN B\u0130R D\u0130\u011eER Y\u00d6NET\u0130C\u0130 \u0130NSANLARI SOKA\u011eA DAVET ETM\u0130YOR&#8221;<\/b><\/p>\n<p>CHP lideri \u00d6zel,\u00a0<span>\u0130\u00e7i\u015fleri Ali Yerlikaya&#8217;n\u0131n CHP Vilayet Binas\u0131 \u00f6n\u00fcnde devam eden protestolar i\u00e7in &#8220;Mahkeme kararlar\u0131n\u0131 yok saymak, halk\u0131 soka\u011fa d\u00f6kmeye \u00e7al\u0131\u015fmak a\u00e7\u0131k\u00e7a hukuka meydan okumakt\u0131r&#8221; kelamlar\u0131na, <\/span><span>&#8220;Ne ben ne partimden bir ba<\/span><span>\u015fka y<\/span><span>\u00f6netici, insanlar<\/span><span>\u0131 soka\u011fa, \u015fiddete davet etmiyor. Partimizin <\/span><span>\u00fcyelerini kendi binas<\/span><span>\u0131na almayan, insanlar\u0131 sokakta b\u0131rakan, b<\/span><span>\u00f6yle yaparak bir g\u00fcvenlik sorunu yaratan, kanunsuz buyrukla devletin polisini vatanda<\/span><span>\u015fla kar\u015f\u0131 kar\u015f\u0131ya getirmeye <\/span><span>\u00e7al<\/span><span>\u0131\u015fan sizlersiniz&#8221; payla\u015f\u0131m\u0131yla kar\u015f\u0131l\u0131k vermi\u015fti.<\/span><\/p>\n<p><b><span>&#8216;SELAHATT\u0130N DEM\u0130RTA\u015e&#8217; TEHD\u0130D\u0130<\/span><\/b><\/p>\n<p>\u00d6zel sokak daveti bulunmad\u0131\u011f\u0131 tekraren yinelerken, iktidara yak\u0131n medyadan tehdit \u00fczere bir &#8216;haber&#8217; servis edildi.\u00a0\u00a0<\/p>\n<p>Haberde, &#8220;Hukuk\u00e7ular sokak davetini k\u0131ymetlendirdi: \u00d6zg\u00fcr \u00d6zel, Selahattin Demirta\u015f\u2019\u0131n yolunda&#8221; ba\u015fl\u0131\u011f\u0131yla eski HDP E\u015f Genel Ba\u015fkan\u0131 Selahattin Demirta\u015f&#8217;\u0131n onlarca y\u0131l mahpus cezas\u0131na \u00e7arpt\u0131r\u0131ld\u0131\u011f\u0131 \u00f6rnek g\u00f6sterildi.<\/p>\n<p>Haberde, Demirta\u015f&#8217;\u0131n <span>&#8220;6 ayr<\/span><span>\u0131<\/span><span> su<\/span><span>\u00e7<\/span><span>tan 42 y<\/span><span>\u0131<\/span><span>l&#8221; mahpus cezas\u0131na \u00e7arpt\u0131r\u0131lmas\u0131 &#8216;\u00f6rnek&#8217; olarak g\u00f6sterildi.<\/span><\/p>\n<p><img decoding=\"async\" src=\"https:\/\/ikimisli.tr\/wp-content\/uploads\/2025\/09\/yandas-medyada-ozgur-ozele-selahattin-demirtas-tehdidi-0-TPVu4eah.png\"\/><\/p>\n<p>\u00a0<\/p>\n","protected":false},"excerpt":{"rendered":"<p>\u0130ktidara yak\u0131n T\u00fcrkiye Gazetesi, Edirne Cezaevi&#8217;nde tutuklu bulunan Eski HDP E\u015f Genel Ba\u015fkan\u0131 Selahattin Demirta\u015f \u00fczerinden CHP Genel Lideri \u00d6zg\u00fcr \u00d6zel&#8217;e cezaevi tehdidini &#8216;haber&#8217; olarak okurlar\u0131yla payla\u015ft\u0131.<\/p>\n","protected":false},"author":1,"featured_media":79647,"comment_status":"open","ping_status":"open","sticky":false,"template":"","format":"standard","meta":{"footnotes":""},"categories":[25],"tags":[2312,60],"class_list":["post-79646","post","type-post","status-publish","format-standard","has-post-thumbnail","hentry","category-gundem","tag-cagri","tag-chp"],"_links":{"self":[{"href":"https:\/\/ikimisli.tr\/index.php\/wp-json\/wp\/v2\/posts\/79646","targetHints":{"allow":["GET"]}}],"collection":[{"href":"https:\/\/ikimisli.tr\/index.php\/wp-json\/wp\/v2\/posts"}],"about":[{"href":"https:\/\/ikimisli.tr\/index.php\/wp-json\/wp\/v2\/types\/post"}],"author":[{"embeddable":true,"href":"https:\/\/ikimisli.tr\/index.php\/wp-json\/wp\/v2\/users\/1"}],"replies":[{"embeddable":true,"href":"https:\/\/ikimisli.tr\/index.php\/wp-json\/wp\/v2\/comments?post=79646"}],"version-history":[{"count":1,"href":"https:\/\/ikimisli.tr\/index.php\/wp-json\/wp\/v2\/posts\/79646\/revisions"}],"predecessor-version":[{"id":79649,"href":"https:\/\/ikimisli.tr\/index.php\/wp-json\/wp\/v2\/posts\/79646\/revisions\/79649"}],"wp:featuredmedia":[{"embeddable":true,"href":"https:\/\/ikimisli.tr\/index.php\/wp-json\/wp\/v2\/media\/79647"}],"wp:attachment":[{"href":"https:\/\/ikimisli.tr\/index.php\/wp-json\/wp\/v2\/media?parent=79646"}],"wp:term":[{"taxonomy":"category","embeddable":true,"href":"https:\/\/ikimisli.tr\/index.php\/wp-json\/wp\/v2\/categories?post=79646"},{"taxonomy":"post_tag","embeddable":true,"href":"https:\/\/ikimisli.tr\/index.php\/wp-json\/wp\/v2\/tags?post=79646"}],"curies":[{"name":"wp","href":"https:\/\/api.w.org\/{rel}","templated":true}]}}