{"id":79695,"date":"2025-09-10T09:44:07","date_gmt":"2025-09-10T09:44:07","guid":{"rendered":"https:\/\/ikimisli.tr\/?p=79695"},"modified":"2025-09-10T09:44:07","modified_gmt":"2025-09-10T09:44:07","slug":"bodrumlu-denizciler-digitial-limandan-yararlanacak","status":"publish","type":"post","link":"https:\/\/ikimisli.tr\/index.php\/2025\/09\/10\/bodrumlu-denizciler-digitial-limandan-yararlanacak\/","title":{"rendered":"Bodrumlu denizciler Digitial Liman\u2019dan yararlanacak"},"content":{"rendered":"<div>\u00a0<\/div>\n<div>Mu\u011fla\u2019n\u0131n Bodrum il\u00e7esinde Bodrum Denizciler Derne\u011fi taraf\u0131ndan geli\u015ftirilen proje kapsam\u0131nda denizcilik dal\u0131n\u0131n hem amat\u00f6r hem ticari t\u00fcm \u00e7al\u0131\u015fanlar\u0131na y\u00f6nelik geli\u015ftirilen proje Denizciler Derne\u011fi Ba\u015fkan\u0131 Tuna Altunkaya taraf\u0131ndan bug\u00fcn d\u00fczenlenen toplant\u0131 ile tan\u0131t\u0131ld\u0131.<\/div>\n<div>\u00a0<\/div>\n<div>Altunkaya yapt\u0131\u011f\u0131 a\u00e7\u0131klamada, denizde uzun m\u00fchlet ba\u011flant\u0131dan kopan kesim \u00e7al\u0131\u015fanlar\u0131n\u0131 akt\u00fcel bilgi ve datalarla bulu\u015fturmak olarak kolayl\u0131k sa\u011flayacak projenin hayata ge\u00e7irildi\u011fini belirterek \u201cBug\u00fcn denizcilerimize \u00f6zel geli\u015ftirdi\u011fimiz ta\u015f\u0131nabilir uygulamam\u0131z\u0131 a\u00e7\u0131kl\u0131yoruz. Digital Liman\u2019a giren t\u00fcm denizciler \u015fu imkanlar\u0131 g\u00f6recek ve yararlanacak\u201d diye konu\u015ftu.<\/div>\n<div>\u00a0<\/div>\n<div>DIJITAL LIMANIN SA\u011eLADI\u011eI KOLAYLIKLAR<\/div>\n<div>\u00a0<\/div>\n<div>Mevzuat ve Y\u00f6netmelik Ar\u015fivi: Ticari ve \u00f6zel tekneler i\u00e7in gerekli t\u00fcm bilgilere eri\u015fim.<\/div>\n<div>\u00dcyelere \u00d6zel Hizmetler: Aidat \u00f6demeleri, \u015fahs\u00ee bilgilerin g\u00fcncellenmesi, sigorta poli\u00e7elerine eri\u015fim.<\/div>\n<div>Sigorta Hizmetleri: Konuk kullan\u0131c\u0131lar dahi denizcilik ve hayat sigortas\u0131 dahil geni\u015f bilgilere ula\u015f\u0131p teklif alabiliyor.<\/div>\n<div>E\u011fitim Takvimi: Sertifikasyon e\u011fitimleri ve online kay\u0131t imk\u00e2n\u0131.<\/div>\n<div>Anl\u0131k Bildirimler: Dernek duyurular\u0131, bakanl\u0131k ve liman ba\u015fkanl\u0131\u011f\u0131 a\u00e7\u0131klamalar\u0131.<\/div>\n<div>Acil Yard\u0131m Butonu: Bodrum Deniz Kurtarma\u2019ya tek dokunu\u015fla ula\u015f\u0131m.<\/div>\n<div>Hava Durumu &#038; Marine Traffic: Yeni bilgiler parmaklar\u0131n\u0131z\u0131n ucunda.<\/div>\n<div>Kariyer K\u0131sm\u0131: \u0130\u015f arayanlarla patronlar\u0131 bulu\u015fturan kesim i\u00e7i platform.<\/div>\n<div>\u0130hbar S\u0131n\u0131r\u0131: Etraf kirlili\u011fi ve usuls\u00fczl\u00fcklerin foto\u011frafla raporlanabilmesi.<\/div>\n<div>MU\u011eLA GENEL\u0130NDE YAYGINLA\u015eTIRILACAK<\/div>\n<div>Altunkaya Digital Liman projesi kapsam\u0131nda \u00a0Mu\u011fla b\u00f6lgesinde denizcilik kesimine hizmet veren firmalar, tedarik\u00e7i listesinde yer almak i\u00e7in Bodrum Denizciler Derne\u011fi\u2019ne m\u00fcracaatta bulunabilece\u011fini belirterek.\u201cT\u00fcm Denizcilerimizi Birebir Dijital Limanda Bulu\u015fmaya Davet Ediyoruz.Bu proje t\u00fcm denizcilerimizin hayat\u0131n\u0131 kolayla\u015ft\u0131racak. Uygulama sadece \u00fcyelerimizin de\u011fil, t\u00fcm denizcilerimizin dijital liman\u0131 olacak. \u0130ndirip kullanmaya ba\u015flayan herkes, kesimimizin dayan\u0131\u015fma ve geli\u015fim ruhuna katk\u0131da bulunacak.\u201d<\/div>\n","protected":false},"excerpt":{"rendered":"<p>Mu\u011fla\u2019n\u0131n Bodrum il\u00e7esinde Bodrum Denizciler Derne\u011fi taraf\u0131ndan geli\u015ftirilen proje kapsam\u0131nda denizcilik b\u00f6l\u00fcm\u00fcn\u00fcn hem amat\u00f6r hem ticari t\u00fcm \u00e7al\u0131\u015fanlar\u0131na y\u00f6nelik geli\u015ftirilen ta\u015f\u0131nabilir aplikasyon, Apple Store ve Google Play \u00fczerinden fiyats\u0131z olarak indirilebilecek, Bodrum\u2019da yakla\u015f\u0131k 2O bin denizci Digital Liman pro\u011fram\u0131ndan yararlanabilecek. Dernek Ba\u015fkan\u0131 Tuna Altunkaya\u201d PRoje t\u00fcm denizcilerimizin hayat\u0131n\u0131 kolayla\u015ft\u0131racak arad\u0131klar\u0131 t\u00fcm eserler ve sorular bir t\u0131k \u00f6tede olacak. PRojeyi Mu\u011fla gen<\/p>\n","protected":false},"author":1,"featured_media":79696,"comment_status":"open","ping_status":"open","sticky":false,"template":"","format":"standard","meta":{"footnotes":""},"categories":[25],"tags":[644,105,9101,2218,1185],"class_list":["post-79695","post","type-post","status-publish","format-standard","has-post-thumbnail","hentry","category-gundem","tag-bilgi","tag-deniz","tag-denizciler","tag-liman","tag-sektor"],"_links":{"self":[{"href":"https:\/\/ikimisli.tr\/index.php\/wp-json\/wp\/v2\/posts\/79695","targetHints":{"allow":["GET"]}}],"collection":[{"href":"https:\/\/ikimisli.tr\/index.php\/wp-json\/wp\/v2\/posts"}],"about":[{"href":"https:\/\/ikimisli.tr\/index.php\/wp-json\/wp\/v2\/types\/post"}],"author":[{"embeddable":true,"href":"https:\/\/ikimisli.tr\/index.php\/wp-json\/wp\/v2\/users\/1"}],"replies":[{"embeddable":true,"href":"https:\/\/ikimisli.tr\/index.php\/wp-json\/wp\/v2\/comments?post=79695"}],"version-history":[{"count":1,"href":"https:\/\/ikimisli.tr\/index.php\/wp-json\/wp\/v2\/posts\/79695\/revisions"}],"predecessor-version":[{"id":79697,"href":"https:\/\/ikimisli.tr\/index.php\/wp-json\/wp\/v2\/posts\/79695\/revisions\/79697"}],"wp:featuredmedia":[{"embeddable":true,"href":"https:\/\/ikimisli.tr\/index.php\/wp-json\/wp\/v2\/media\/79696"}],"wp:attachment":[{"href":"https:\/\/ikimisli.tr\/index.php\/wp-json\/wp\/v2\/media?parent=79695"}],"wp:term":[{"taxonomy":"category","embeddable":true,"href":"https:\/\/ikimisli.tr\/index.php\/wp-json\/wp\/v2\/categories?post=79695"},{"taxonomy":"post_tag","embeddable":true,"href":"https:\/\/ikimisli.tr\/index.php\/wp-json\/wp\/v2\/tags?post=79695"}],"curies":[{"name":"wp","href":"https:\/\/api.w.org\/{rel}","templated":true}]}}