{"id":79752,"date":"2025-09-10T12:44:06","date_gmt":"2025-09-10T12:44:06","guid":{"rendered":"https:\/\/ikimisli.tr\/?p=79752"},"modified":"2025-09-10T12:44:06","modified_gmt":"2025-09-10T12:44:06","slug":"izmir-sehitlerine-son-veda","status":"publish","type":"post","link":"https:\/\/ikimisli.tr\/index.php\/2025\/09\/10\/izmir-sehitlerine-son-veda\/","title":{"rendered":"\u0130zmir \u015fehitlerine son veda!"},"content":{"rendered":"<p>\u0130zmir&#8217;in Bal\u00e7ova il\u00e7esinde, polis merkezine d\u00fczenlenen silahl\u0131 taarruz sonucu \u015fehit olan 1. s\u0131n\u0131f emniyet m\u00fcd\u00fcr\u00fc polis ba\u015fm\u00fcfetti\u015fi Muhsin Aydemir ve polis memuru Hasan Ak\u0131n&#8217;\u0131n cenazeleri \u0130zmir&#8217;de topra\u011fa verildi.<\/p>\n<p>\u015eehit Aydemir (52) ve Ak\u0131n&#8217;\u0131n (36) T\u00fcrk bayra\u011f\u0131na sar\u0131l\u0131 naa\u015flar\u0131, cenaze ara\u00e7lar\u0131yla Gaziemir il\u00e7esindeki 15 Temmuz \u015eehitler Mescidi&#8217;ne getirildi.<\/p>\n<p>\u00d6\u011fle vakti d\u00fczenlenen cenaze merasimine, \u015fehitlerin ailesi ve yak\u0131nlar\u0131n\u0131n yan\u0131 s\u0131ra \u0130\u00e7i\u015fleri Bakan\u0131 Ali Yerlikaya, \u0130zmir Valisi S\u00fcleyman Elban, Ege Ordusu ve Garnizon Kumandan\u0131 Orgeneral \u0130rfan \u00d6zsert, AKP Genel Sekreteri Eyy\u00fcp Kadir \u0130nan, CHP Genel Lider Yard\u0131mc\u0131s\u0131 Murat Bakan, AKP, MHP ve YETERL\u0130 Partili birtak\u0131m milletvekilleri, \u0130zmir B\u00fcy\u00fck\u015fehir Belediye Ba\u015fkan\u0131 Cemil Tugay, Emniyet Genel M\u00fcd\u00fcr\u00fc Mahmut Demirta\u015f, Sahil G\u00fcvenlik Hava Kumandan\u0131 Tu\u011famiral Ertu\u011frul \u015eerbetci ile askeri erkan, siyasi partilerin temsilcileri, meslekta\u015flar\u0131 da kat\u0131ld\u0131.<\/p>\n<p>\u015eehitlerin yak\u0131nlar\u0131 tabuta sar\u0131l\u0131p g\u00f6zya\u015f\u0131 d\u00f6kt\u00fc, dua etti. \u015eehit polis memuru Hasan Ak\u0131n&#8217;\u0131n tabutunun ba\u015f\u0131nda ailesi, &#8220;\u015eehitler \u00f6lmez, Peygamber efendimize kom\u015fu olsunlar. A\u011flamay\u0131n, a\u011fabeyim g\u00f6rse k\u0131zar.&#8221; s\u00f6zlerini kulland\u0131.<\/p>\n<p>\u015eehit Ak\u0131n&#8217;\u0131n iki k\u0131z\u0131 da babalar\u0131n\u0131n tabutunun ba\u015f\u0131na gelerek vedala\u015ft\u0131. Ak\u0131n&#8217;\u0131n cenaze namaz\u0131n\u0131 emekli imam olan babas\u0131 Ferhat Ak\u0131n k\u0131ld\u0131rd\u0131.<\/p>\n<p>\u0130l M\u00fcft\u00fcs\u00fc Sinan Yarar\u0131&#8217;n\u0131n \u015fehit Aydemir&#8217;in cenaze namaz\u0131n\u0131 k\u0131ld\u0131rmas\u0131n\u0131n akabinde \u015fehitlerin naa\u015flar\u0131 dualar e\u015fli\u011finde merasim mangas\u0131 taraf\u0131ndan cenaze ara\u00e7lar\u0131na ta\u015f\u0131nd\u0131.<\/p>\n<p>\u015eehit Aydemir&#8217;in naa\u015f\u0131 defnedilmek \u00fczere Bornova il\u00e7esindeki I\u015f\u0131kkent Polis \u015eehitli\u011fi&#8217;ne, \u015fehit Ak\u0131n&#8217;\u0131n naa\u015f\u0131 ise Urla il\u00e7esi Ku\u015f\u00e7ular Mahallesi&#8217;ndeki Ova Mezarl\u0131\u011f\u0131na g\u00f6t\u00fcr\u00fcld\u00fc.<\/p>\n<p>Evli ve 2 \u00e7ocuk babas\u0131 \u015fehit Muhsin Aydemir&#8217;in 1995&#8217;te \u0130zmir Emniyet M\u00fcd\u00fcrl\u00fc\u011f\u00fc&#8217;nde vazifeye ba\u015flad\u0131\u011f\u0131, 2009 y\u0131l\u0131nda I\u011fd\u0131r Emniyet M\u00fcd\u00fcrl\u00fc\u011f\u00fc tak\u0131m\u0131nda \u015fark misyonunu tamamlayarak s\u0131ras\u0131yla Tekirda\u011f Emniyet M\u00fcd\u00fcrl\u00fc\u011f\u00fc, Ter\u00f6rle U\u011fra\u015f Daire Ba\u015fkanl\u0131\u011f\u0131, \u0130zmir Emniyet M\u00fcd\u00fcrl\u00fc\u011f\u00fc tak\u0131mlar\u0131nda vazife yapt\u0131\u011f\u0131, 2021 tarihinde ise Tefti\u015f Kurulu Ba\u015fkanl\u0131\u011f\u0131 \u0130zmir \u00c7al\u0131\u015fma Merkezine atand\u0131\u011f\u0131 belirtildi.<\/p>\n<p>Evli ve 2 \u00e7ocuk sahibi \u015fehit Hasan Ak\u0131n&#8217;\u0131n ise 2013&#8217;te \u00c7anakkale Emniyet M\u00fcd\u00fcrl\u00fc\u011f\u00fc&#8217;nde misyona ba\u015flad\u0131\u011f\u0131, \u015fark misyonunu 2016 y\u0131l\u0131nda Hakkari Y\u00fcksekova \u0130l\u00e7e Emniyet M\u00fcd\u00fcrl\u00fc\u011f\u00fc ve Mu\u015f Bulan\u0131k \u0130l\u00e7e Emniyet M\u00fcd\u00fcrl\u00fc\u011f\u00fc tak\u0131mlar\u0131nda tamamland\u0131\u011f\u0131, 2020 tarihinde \u0130zmir Emniyet M\u00fcd\u00fcrl\u00fc\u011f\u00fcne atand\u0131\u011f\u0131 tabir edildi.<\/p>\n<p>Bal\u00e7ova&#8217;da d\u00fcn Salih \u0130\u015fg\u00f6ren Polis Merkezi&#8217;ne E.B. (16) taraf\u0131ndan pompal\u0131 t\u00fcfekle ak\u0131n d\u00fczenlenmi\u015fti. Taarruzda 1. s\u0131n\u0131f emniyet m\u00fcd\u00fcr\u00fc polis ba\u015fm\u00fcfetti\u015fi Muhsin Aydemir ve polis memuru Hasan Ak\u0131n \u015fehit olmu\u015ftu.<\/p>\n<p>Sald\u0131r\u0131da polis memurlar\u0131 \u00d6mer Amila\u011f ve Murat Da\u011fl\u0131 ile bir vatanda\u015f yaralanm\u0131\u015ft\u0131.<\/p>\n<p>Soru\u015fturma kapsam\u0131nda 27 ku\u015fkulu g\u00f6zalt\u0131na al\u0131nm\u0131\u015ft\u0131.<\/p>\n","protected":false},"excerpt":{"rendered":"<p>\u0130zmir&#8217;de polis merkezine silahl\u0131 h\u00fccumda \u015fehit polisler son seyahatine u\u011furland\u0131.<\/p>\n","protected":false},"author":1,"featured_media":79753,"comment_status":"open","ping_status":"open","sticky":false,"template":"","format":"standard","meta":{"footnotes":""},"categories":[25],"tags":[248,9106,478,269,164],"class_list":["post-79752","post","type-post","status-publish","format-standard","has-post-thumbnail","hentry","category-gundem","tag-cenaze","tag-emniyet-mudurlugu","tag-izmir","tag-polis","tag-sehit"],"_links":{"self":[{"href":"https:\/\/ikimisli.tr\/index.php\/wp-json\/wp\/v2\/posts\/79752","targetHints":{"allow":["GET"]}}],"collection":[{"href":"https:\/\/ikimisli.tr\/index.php\/wp-json\/wp\/v2\/posts"}],"about":[{"href":"https:\/\/ikimisli.tr\/index.php\/wp-json\/wp\/v2\/types\/post"}],"author":[{"embeddable":true,"href":"https:\/\/ikimisli.tr\/index.php\/wp-json\/wp\/v2\/users\/1"}],"replies":[{"embeddable":true,"href":"https:\/\/ikimisli.tr\/index.php\/wp-json\/wp\/v2\/comments?post=79752"}],"version-history":[{"count":1,"href":"https:\/\/ikimisli.tr\/index.php\/wp-json\/wp\/v2\/posts\/79752\/revisions"}],"predecessor-version":[{"id":79754,"href":"https:\/\/ikimisli.tr\/index.php\/wp-json\/wp\/v2\/posts\/79752\/revisions\/79754"}],"wp:featuredmedia":[{"embeddable":true,"href":"https:\/\/ikimisli.tr\/index.php\/wp-json\/wp\/v2\/media\/79753"}],"wp:attachment":[{"href":"https:\/\/ikimisli.tr\/index.php\/wp-json\/wp\/v2\/media?parent=79752"}],"wp:term":[{"taxonomy":"category","embeddable":true,"href":"https:\/\/ikimisli.tr\/index.php\/wp-json\/wp\/v2\/categories?post=79752"},{"taxonomy":"post_tag","embeddable":true,"href":"https:\/\/ikimisli.tr\/index.php\/wp-json\/wp\/v2\/tags?post=79752"}],"curies":[{"name":"wp","href":"https:\/\/api.w.org\/{rel}","templated":true}]}}