{"id":79803,"date":"2025-09-10T15:32:05","date_gmt":"2025-09-10T15:32:05","guid":{"rendered":"https:\/\/ikimisli.tr\/?p=79803"},"modified":"2025-09-10T15:32:05","modified_gmt":"2025-09-10T15:32:05","slug":"bin-300-sinemaci-israil-boykotu-baslatti","status":"publish","type":"post","link":"https:\/\/ikimisli.tr\/index.php\/2025\/09\/10\/bin-300-sinemaci-israil-boykotu-baslatti\/","title":{"rendered":"Bin 300 sinemac\u0131 \u0130srail boykotu ba\u015flatt\u0131"},"content":{"rendered":"<p>Bu geni\u015f \u00e7apl\u0131 boykot daveti, Filmmakers for Palestine (Filistin i\u00e7in Sinemac\u0131lar) te\u015febb\u00fcs\u00fc taraf\u0131ndan haz\u0131rland\u0131. Oyuncular, direkt\u00f6rler, senaristler ve yap\u0131mc\u0131lar\u0131n imzalad\u0131\u011f\u0131 taahh\u00fctte, \u0130srail\u2019in Filistin halk\u0131na y\u00f6nelik \u201csoyk\u0131r\u0131m\u201d siyasetlerine sinema yoluyla ortak olan kurumlarla i\u015f birli\u011fi yap\u0131lmayaca\u011f\u0131 belirtildi.<\/p>\n<p><b>SU\u00c7 PAYDA\u015eLI\u011eI YAPANLARLA M\u00dcNASEBETLER\u0130N\u0130 KESECEKLER<\/b><\/p>\n<p>A\u00e7\u0131klamada, \u201cGazze\u2019deki bitmek bilmeyen deh\u015fet\u201d vurgulanarak, sineman\u0131n \u201calg\u0131 yaratma g\u00fcc\u00fc\u201dne dikkat \u00e7ekildi. Sinema i\u015f\u00e7ilerinin, \u0130srail\u2019in hak ihlallerine hata i\u015ftiraki yapan \u015fenlikler, \u00fcretimciler, sinema salonlar\u0131 ve yay\u0131nc\u0131larla alakalar\u0131n\u0131 kesecekleri a\u00e7\u0131kland\u0131. Ayr\u0131yeten daldaki t\u00fcm payda\u015flara \u201csessizli\u011fi ve insanl\u0131k d\u0131\u015f\u0131la\u015ft\u0131rmay\u0131 reddetme\u201d daveti yap\u0131ld\u0131.<\/p>\n<p>\u0130mzac\u0131 listesi hayli dikkat al\u0131ml\u0131. Ken Loach, Yorgos Lanthimos, Asif Kapadia, Joshua Oppenheimer, Susan Sarandon, Gael Garcia Bernal, Brian Cox, Rebecca Hall, Lily Gladstone ve daha bir\u00e7ok k\u0131ymetli isim bu \u00e7a\u011fr\u0131y\u0131 destekliyor.<\/p>\n<p>Bildiri, 1987\u2019de Martin Scorsese ve Jonathan Demme\u2019nin G\u00fcney Afrika\u2019daki \u0131rk\u00e7\u0131 ve ayr\u0131mc\u0131 rejime kar\u015f\u0131 ba\u015flatt\u0131\u011f\u0131 sinema boykotuna da a\u00e7\u0131k\u00e7a at\u0131fta bulunuyor. Sanatkarlar, bu tarih\u00ee ba\u011flam \u00fczerinden hareketle benzeri bir sorumlulu\u011fun bug\u00fcn de ta\u015f\u0131nd\u0131\u011f\u0131n\u0131 belirtiyor.<\/p>\n<p>Metinde, Memleketler aras\u0131 Adalet Divan\u0131&#8217;n\u0131n \u0130srail hakk\u0131nda y\u00fcr\u00fctt\u00fc\u011f\u00fc soyk\u0131r\u0131m soru\u015fturmas\u0131na ve Birle\u015fmi\u015f Milletler uzmanlar\u0131n\u0131n g\u00f6r\u00fc\u015flerine de yer verilerek, \u0130srail\u2019e y\u00f6nelik su\u00e7lamalar\u0131n \u201cmakul\u201d ve \u201cinand\u0131r\u0131c\u0131\u201d bulundu\u011fu hat\u0131rlat\u0131ld\u0131. Birebir vakitte, Gazze&#8217;deki halk\u0131n &#8220;insan eliyle yarat\u0131lm\u0131\u015f&#8221; bir k\u0131tl\u0131kla kar\u015f\u0131 kar\u015f\u0131ya oldu\u011fu bilgisi de evraklarla desteklenerek sunuldu.<\/p>\n<p><b>KURUMSAL KABAHAT ORTAKLARIYLA U\u011eRA\u015e ED\u0130LECEK<\/b><\/p>\n<p>Taahh\u00fctte, \u0130srailli bireylerle \u00e7al\u0131\u015fman\u0131n hedeflenmedi\u011fi, sadece kurumsal seviyedeki c\u00fcr\u00fcm i\u015ftirakine kar\u015f\u0131 duruldu\u011fu vurguland\u0131. Ayr\u0131yeten \u201csu\u00e7 orta\u011f\u0131 olmayan birka\u00e7 \u0130srail sinema kurulu\u015funun bulundu\u011fu\u201d da not edildi.<\/p>\n<p>Boykot daveti, sinema d\u00fcnyas\u0131n\u0131n Gazze\u2019ye y\u00f6nelik dayan\u0131\u015fmas\u0131n\u0131n son halkas\u0131 oldu. Haziran ay\u0131nda \u0130ngiltere Ba\u015fbakan\u0131 Keir Starmer\u2019a yaz\u0131lan bir a\u00e7\u0131k mektupta sanatkarlar, \u0130ngiltere\u2019nin Gazze\u2019deki c\u00fcr\u00fcm i\u015ftirakini sonland\u0131rmas\u0131 davetinde bulunmu\u015ftu.<\/p>\n<p><b>350 OYUNCU VE D\u0130REKT\u00d6R DAHA EVVEL KINAMI\u015eTI<\/b><\/p>\n<p>Cannes Sinema \u015eenli\u011fi \u00f6ncesinde yay\u0131mlanan bir \u00f6teki mektupta ise 350\u2019den fazla oyuncu, direkt\u00f6r ve \u00fcretimci, Gazze\u2019deki soyk\u0131r\u0131m\u0131 k\u0131nam\u0131\u015ft\u0131. O mektupta, Cannes se\u00e7kisine al\u0131nan belgeselinin duyurulmas\u0131ndan bir g\u00fcn sonra ailesiyle birlikte \u0130srail hava h\u00fccumunda \u00f6ld\u00fcr\u00fclen 25 ya\u015f\u0131ndaki Filistinli foto muhabir Fatma Hassona&#8217;n\u0131n mevti hat\u0131rlat\u0131lm\u0131\u015ft\u0131.<\/p>\n<p>Son olarak, Venedik Sinema Festivali\u2019nde g\u00f6sterimi yap\u0131lan ve ge\u00e7en y\u0131l Gazze\u2019de \u00f6ld\u00fcr\u00fclen 5 ya\u015f\u0131ndaki bir k\u0131z \u00e7ocu\u011funun \u00f6yk\u00fcs\u00fcn\u00fc anlatan The Voice of Hind Rajab sinemas\u0131, 23 dakika ayakta alk\u0131\u015flanm\u0131\u015ft\u0131. Kaouther Ben Hania\u2019n\u0131n y\u00f6netti\u011fi \u00fcretim, B\u00fcy\u00fck Heyet M\u00fckafat\u0131n\u0131 kazand\u0131 ve Tunus\u2019un 2026 Oscar aday\u0131 olarak g\u00f6sterildi. \u0130malcileri ortas\u0131nda Brad Pitt, Joaquin Phoenix, Rooney Mara ve Jonathan Glazer \u00fczere isimler yer ald\u0131.<\/p>\n","protected":false},"excerpt":{"rendered":"<p>Gazze\u2019deki soyk\u0131r\u0131ma kar\u015f\u0131 k\u00fclt\u00fcrel alandan gelen yans\u0131lara bir yenisi daha eklendi. Ortalar\u0131nda Emma Stone, Olivia Colman, Javier Bardem, Tilda Swinton, Mark Ruffalo ve Riz Ahmed \u00fczere d\u00fcnyaca \u00fcnl\u00fc oyuncular\u0131n da bulundu\u011fu bin 300\u2019den fazla sinemac\u0131, \u0130srail sinema kurumlar\u0131yla \u00e7al\u0131\u015fmay\u0131 reddettiklerini a\u00e7\u0131klayan bir bildiriye imza att\u0131.<\/p>\n","protected":false},"author":1,"featured_media":79804,"comment_status":"open","ping_status":"open","sticky":false,"template":"","format":"standard","meta":{"footnotes":""},"categories":[43],"tags":[892,80,1868,5587,97],"class_list":["post-79803","post","type-post","status-publish","format-standard","has-post-thumbnail","hentry","category-dunya","tag-film","tag-israil","tag-ortak","tag-sinema","tag-suc"],"_links":{"self":[{"href":"https:\/\/ikimisli.tr\/index.php\/wp-json\/wp\/v2\/posts\/79803","targetHints":{"allow":["GET"]}}],"collection":[{"href":"https:\/\/ikimisli.tr\/index.php\/wp-json\/wp\/v2\/posts"}],"about":[{"href":"https:\/\/ikimisli.tr\/index.php\/wp-json\/wp\/v2\/types\/post"}],"author":[{"embeddable":true,"href":"https:\/\/ikimisli.tr\/index.php\/wp-json\/wp\/v2\/users\/1"}],"replies":[{"embeddable":true,"href":"https:\/\/ikimisli.tr\/index.php\/wp-json\/wp\/v2\/comments?post=79803"}],"version-history":[{"count":1,"href":"https:\/\/ikimisli.tr\/index.php\/wp-json\/wp\/v2\/posts\/79803\/revisions"}],"predecessor-version":[{"id":79805,"href":"https:\/\/ikimisli.tr\/index.php\/wp-json\/wp\/v2\/posts\/79803\/revisions\/79805"}],"wp:featuredmedia":[{"embeddable":true,"href":"https:\/\/ikimisli.tr\/index.php\/wp-json\/wp\/v2\/media\/79804"}],"wp:attachment":[{"href":"https:\/\/ikimisli.tr\/index.php\/wp-json\/wp\/v2\/media?parent=79803"}],"wp:term":[{"taxonomy":"category","embeddable":true,"href":"https:\/\/ikimisli.tr\/index.php\/wp-json\/wp\/v2\/categories?post=79803"},{"taxonomy":"post_tag","embeddable":true,"href":"https:\/\/ikimisli.tr\/index.php\/wp-json\/wp\/v2\/tags?post=79803"}],"curies":[{"name":"wp","href":"https:\/\/api.w.org\/{rel}","templated":true}]}}