{"id":7982,"date":"2025-01-31T10:48:13","date_gmt":"2025-01-31T10:48:13","guid":{"rendered":"https:\/\/ikimisli.tr\/?p=7982"},"modified":"2025-01-31T10:48:13","modified_gmt":"2025-01-31T10:48:13","slug":"kilogram-fiyati-binlerce-lira-kazandiriyor-ekim-alani-yuzde-74-oraninda-artis-gosterdi","status":"publish","type":"post","link":"https:\/\/ikimisli.tr\/index.php\/2025\/01\/31\/kilogram-fiyati-binlerce-lira-kazandiriyor-ekim-alani-yuzde-74-oraninda-artis-gosterdi\/","title":{"rendered":"Kilogram fiyat\u0131 binlerce lira kazand\u0131r\u0131yor: Ekim alan\u0131 y\u00fczde 74 oran\u0131nda art\u0131\u015f g\u00f6sterdi!"},"content":{"rendered":"<p>2023 y\u0131l\u0131nda, Valilik \u00f6nderli\u011finde Vilayet Tar\u0131m ve Orman M\u00fcd\u00fcrl\u00fc\u011f\u00fc taraf\u0131ndan ba\u015flat\u0131lan &#8220;T\u0131bbi Aromatik Bitkiler ile Topraklar Ta\u00e7lan\u0131yor&#8221; (TAB\u0130AT) projesi, ekonomik k\u0131ymeti y\u00fcksek bitkilerin \u00fcretimini te\u015fvik etmeyi ama\u00e7l\u0131yor. Bu proje kapsam\u0131nda, 2023&#8217;te 441 dekar alanda ba\u015flat\u0131lan ekim, 2024 y\u0131l\u0131nda 767 dekara \u00e7\u0131kar\u0131ld\u0131 ve safran, aronya, karabu\u011fday \u00fczere pahal\u0131 bitkiler yeti\u015ftirilmeye ba\u015fland\u0131.<\/p>\n<p>Karab\u00fck Valisi Mustafa Yavuz, T\u00fcrkiye&#8217;de 3 bin 649 endemik bitkinin bulundu\u011funu, bunlar\u0131n 650&#8217;sinin t\u0131bbi aromatik bitki manas\u0131nda kullan\u0131ld\u0131\u011f\u0131n\u0131 aktar\u0131rken, T\u00fcrkiye&#8217;de 131 tescili yap\u0131lm\u0131\u015f t\u0131bbi aromatik bitki oldu\u011funa dikkat \u00e7ekti. Yavuz, &#8220;T\u00fcrkiye, baharat alan\u0131nda yakla\u015f\u0131k 246 bin tonla d\u00fcnyada ikinci s\u0131rada \u00fcretim yapan \u00fclke&#8221; dedi.<\/p>\n<p>Yavuz, t\u0131bbi aromatik bitkileri Karab\u00fck&#8217;te \u00a0yeti\u015ftirmek istediklerini aktar\u0131rken &#8220;Bunlar\u0131 k\u0131rsal turizmle birle\u015ftirerek k\u0131rsal turizmde canlanma ve geli\u015fme sa\u011flamak istiyoruz. T\u0131pk\u0131 vakitte da vatanda\u015flar\u0131m\u0131z\u0131n k\u00f6ylerinde tar\u0131m yaparak kentlere hakikat y\u00f6nelen g\u00f6\u00e7\u00fc azaltmak istiyoruz.&#8221; halinde konu\u015ftu.\u00a0<\/p>\n<p><b>&#8220;Y\u00dcZDE 184 ARTI\u015eLA 375 ALANDA BU ESER\u0130N EK\u0130M\u0130N\u0130 YAPMAYA BA\u015eLADIK&#8221;<\/b><\/p>\n<p>Projeye dair a\u00e7\u0131klamalarda bulunan Yavuz, kelamlar\u0131n\u0131n devam\u0131nda \u015fu s\u00f6zlere yer verdi:\u00a0<\/p>\n<p>&#8220;Proje kapsam\u0131nda safran ba\u015fta olmak \u00fczere karabu\u011fday, aronya, ada\u00e7ay\u0131, kekik, melisa, sumak ve h\u00fcnnab\u0131 belirledik. \u015e\u00fck\u00fcr ho\u015f sonu\u00e7lar elde edildi. 2024 sonu prestijiyle yaln\u0131zca 3 esere dahi bakt\u0131\u011f\u0131m\u0131zda safranda 2023&#8217;te 81 dekar alanda ekim yap\u0131l\u0131rken 2024&#8217;\u00fcn sonunda y\u00fczde 30 art\u0131\u015fla 105 dekar alanda safran ekiminin yap\u0131ld\u0131\u011f\u0131n\u0131 g\u00f6r\u00fcyoruz. Aronyada 2023 sonu prestijiyle 32 dekar alanda ekim yap\u0131l\u0131rken yakla\u015f\u0131k y\u00fczde 187 art\u0131\u015fla 92 dekar alanda bunun ekimini yapmaya ba\u015flad\u0131k. Karabu\u011fday, bu co\u011frafya i\u00e7in k\u0131ymetli bir bitkimiz. 2023 sonu prestijiyle 132 dekarda ekim yap\u0131l\u0131rken 2024&#8217;te y\u00fczde 184 art\u0131\u015fla 375 dekar alanda bu eserimizin ekimini yapmaya ba\u015flad\u0131k.<\/p>\n<p><img decoding=\"async\" src=\"https:\/\/ikimisli.tr\/wp-content\/uploads\/2025\/01\/kilogram-fiyati-binlerce-lira-kazandiriyor-ekim-alani-yuzde-74-oraninda-artis-gosterdi-0-Lcgbumil.png\"\/><\/p>\n<p>Projeyle suma\u011f\u0131 katma pahal\u0131 eser haline getirmeyi hedefliyoruz. Ovac\u0131k, Safranbolu ve merkez il\u00e7emizde 3 k\u00f6y\u00fcm\u00fczde ekim alanlar\u0131m\u0131z\u0131 belirledik. Yakla\u015f\u0131k 35 dekar alanda sumak ekimi ger\u00e7ekle\u015ftirece\u011fiz. Karab\u00fck&#8217;te birinci kere sumak ekimi ger\u00e7ekle\u015ftirerek vatanda\u015flar\u0131m\u0131z\u0131n katma pahal\u0131 eser yeti\u015ftirmesine, t\u0131bbi aromatik bitkilerin yeti\u015ftirilmesine katk\u0131 sa\u011flayaca\u011f\u0131z.&#8221;<\/p>\n<p><b>&#8220;VAR OLANLARI GEL\u0130\u015eT\u0130REREK DEVAM EDECE\u011e\u0130Z&#8221;<\/b><\/p>\n<p>T\u0131bbi aromatik bitkilerin, t\u0131p, kozmetik, besin \u00fczere alanlarda kullan\u0131ld\u0131\u011f\u0131n\u0131 aktaran Yavuz, \u00a0&#8220;Y\u00fcz \u00f6l\u00e7\u00fcm\u00fcn\u00fcn yakla\u015f\u0131k y\u00fczde 74&#8217;\u00fc ormanlarla kapl\u0131 Karab\u00fck&#8217;te y\u00fczde 17 civar\u0131nda tar\u0131m alan\u0131m\u0131z var. Gerek mirastan gerekse co\u011frafyan\u0131n yap\u0131s\u0131ndan kaynaklanan nedenlerle topraklar\u0131m\u0131z \u00e7ok k\u00fc\u00e7\u00fclm\u00fc\u015f, k\u00fc\u00e7\u00fck i\u015fletmelere ayr\u0131lm\u0131\u015f durumda. Bizim b\u00fcy\u00fck alanlarda tar\u0131m yapma imkan\u0131m\u0131z olmad\u0131\u011f\u0131na nazaran k\u00fc\u00e7\u00fck alanlarda ekonomik ve katma bedeli y\u00fcksek eserler \u00fcretirsek vatanda\u015flar\u0131m\u0131za do\u011fdu\u011fu yerde gelir elde etme ve orada ya\u015famas\u0131 noktas\u0131nda kolayl\u0131k sa\u011flam\u0131\u015f oluruz diye d\u00fc\u015f\u00fcnd\u00fck. Ho\u015f gidiyor. 2025&#8217;te de yeni eserlerle var olanlar\u0131 da geli\u015ftirerek devam edece\u011fiz&#8221; dedi.\u00a0<\/p>\n<p><img decoding=\"async\" src=\"https:\/\/ikimisli.tr\/wp-content\/uploads\/2025\/01\/kilogram-fiyati-binlerce-lira-kazandiriyor-ekim-alani-yuzde-74-oraninda-artis-gosterdi-1-uPT9k2H3.png\"\/><\/p>\n<p>Yavuz, &#8220;Safran hasad\u0131n\u0131n \u015fenli\u011fi yap\u0131ld\u0131. Bundan sonraki y\u0131llarda de\u011fi\u015fik bitki tiplerinde de hasat \u015fenlikleriyle hem fark\u0131ndal\u0131\u011f\u0131n art\u0131r\u0131lmas\u0131na hem de k\u0131rsal manada turizmin canland\u0131r\u0131lmas\u0131na katk\u0131 sa\u011flanaca\u011f\u0131n\u0131 k\u0131ymetlendiriyoruz. Vatanda\u015flar\u0131m\u0131z\u0131n gelir elde etmesine, eserlerimizin yeti\u015ftirilmesine, pazarlanmas\u0131na, hem vilayet iktisad\u0131na hem de \u00fclke iktisad\u0131na katk\u0131 sa\u011flamaya devam edece\u011fiz&#8221; s\u00f6zlerine yer verdi.\u00a0<\/p>\n<p>Ayr\u0131ca \u00fcretimin ehemmiyetini vurgularken &#8220;Vatanda\u015flar\u0131m\u0131z\u0131n \u00fcretmeleri, vatanda\u015flar\u0131m\u0131z\u0131n topraklar\u0131n\u0131 de\u011ferlendirmeleri noktas\u0131nda her t\u00fcrl\u00fc katk\u0131y\u0131 sa\u011flayaca\u011f\u0131m\u0131z \u00fczere pazarlama noktas\u0131nda da her vakit yanlar\u0131nda olacaklar\u0131n\u0131 bilmelerini isterim. K\u00e2fi ki ekilsin, k\u00e2fi ki \u00fcretelim.&#8221; s\u00f6zlerini kulland\u0131.\u00a0<\/p>\n<p>\u00a0<\/p>\n","protected":false},"excerpt":{"rendered":"<p>Karab\u00fck&#8217;te t\u0131bbi aromatik bitki \u00fcretiminin yayg\u0131nla\u015ft\u0131r\u0131lmas\u0131 i\u00e7in ba\u015flat\u0131lan projeyle, ekim alan\u0131 2024&#8217;te bir evvelki y\u0131la k\u0131yasla y\u00fczde 74 oran\u0131nda artarak 767 dekara ula\u015ft\u0131.<\/p>\n","protected":false},"author":1,"featured_media":7983,"comment_status":"open","ping_status":"open","sticky":false,"template":"","format":"standard","meta":{"footnotes":""},"categories":[25],"tags":[1958,1959,1961,75,1960],"class_list":["post-7982","post","type-post","status-publish","format-standard","has-post-thumbnail","hentry","category-gundem","tag-ekim","tag-safran","tag-tibbi-aromatik-bitki","tag-urun","tag-yavuz"],"_links":{"self":[{"href":"https:\/\/ikimisli.tr\/index.php\/wp-json\/wp\/v2\/posts\/7982","targetHints":{"allow":["GET"]}}],"collection":[{"href":"https:\/\/ikimisli.tr\/index.php\/wp-json\/wp\/v2\/posts"}],"about":[{"href":"https:\/\/ikimisli.tr\/index.php\/wp-json\/wp\/v2\/types\/post"}],"author":[{"embeddable":true,"href":"https:\/\/ikimisli.tr\/index.php\/wp-json\/wp\/v2\/users\/1"}],"replies":[{"embeddable":true,"href":"https:\/\/ikimisli.tr\/index.php\/wp-json\/wp\/v2\/comments?post=7982"}],"version-history":[{"count":1,"href":"https:\/\/ikimisli.tr\/index.php\/wp-json\/wp\/v2\/posts\/7982\/revisions"}],"predecessor-version":[{"id":7986,"href":"https:\/\/ikimisli.tr\/index.php\/wp-json\/wp\/v2\/posts\/7982\/revisions\/7986"}],"wp:featuredmedia":[{"embeddable":true,"href":"https:\/\/ikimisli.tr\/index.php\/wp-json\/wp\/v2\/media\/7983"}],"wp:attachment":[{"href":"https:\/\/ikimisli.tr\/index.php\/wp-json\/wp\/v2\/media?parent=7982"}],"wp:term":[{"taxonomy":"category","embeddable":true,"href":"https:\/\/ikimisli.tr\/index.php\/wp-json\/wp\/v2\/categories?post=7982"},{"taxonomy":"post_tag","embeddable":true,"href":"https:\/\/ikimisli.tr\/index.php\/wp-json\/wp\/v2\/tags?post=7982"}],"curies":[{"name":"wp","href":"https:\/\/api.w.org\/{rel}","templated":true}]}}