{"id":79859,"date":"2025-09-10T18:20:05","date_gmt":"2025-09-10T18:20:05","guid":{"rendered":"https:\/\/ikimisli.tr\/?p=79859"},"modified":"2025-09-10T18:20:05","modified_gmt":"2025-09-10T18:20:05","slug":"ali-mahir-basarirdan-kilicdarogluna-bu-kadar-mi-onemli-bu-koltuk","status":"publish","type":"post","link":"https:\/\/ikimisli.tr\/index.php\/2025\/09\/10\/ali-mahir-basarirdan-kilicdarogluna-bu-kadar-mi-onemli-bu-koltuk\/","title":{"rendered":"Ali Mahir Ba\u015far\u0131r&#8217;dan K\u0131l\u0131\u00e7daro\u011flu&#8217;na: &#8220;Bu kadar m\u0131 \u00f6nemli bu koltuk&#8221;"},"content":{"rendered":"<p><strong>CHP<\/strong> K\u00fcme Ba\u015fkanvekili <strong>Ali Yetenekli Ba\u015far\u0131r<\/strong> <strong>S\u00d6ZC\u00dc TV<\/strong> ekranlar\u0131nda <strong>\u0130pek \u00d6zbey<\/strong>&#8216;in sundu\u011fu <strong>Nokta At\u0131\u015f\u0131<\/strong> program\u0131nda \u015fu s\u00f6zleri kulland\u0131:<\/p>\n<p>&#8220;- CHP&#8217;nin kayyumlara teslim olmad\u0131\u011f\u0131n\u0131 olmayaca\u011f\u0131n\u0131 s\u00f6ylemesini isterdim beklerdim. Bunu Murat Bey, Hikmet Beyefendi yapt\u0131. Altan Bey ya\u015fasa o da yapard\u0131. Burada nefesim d\u00fc\u011f\u00fcmleniyor. Ben Kemal Bey&#8217;den de beklerdim. Biz onunla \u00e7al\u0131\u015ft\u0131k. Cumhurba\u015fkan\u0131 se\u00e7ilemedi\u011fi vakit 8 saat uyuyamad\u0131m. Hudut krizleri ge\u00e7irdim. Onun partisine evlatlar\u0131na sahip \u00e7\u0131kmas\u0131n\u0131 beklerdim ancak bu s\u00fcre\u00e7te bir s\u00f6z bile tweet at\u0131lmad\u0131.&#8221;<\/p>\n<p><img decoding=\"async\" src=\"https:\/\/ikimisli.tr\/wp-content\/uploads\/2025\/09\/ali-mahir-basarirdan-kilicdarogluna-bu-kadar-mi-onemli-bu-koltuk-0-6DyL2vLM.jpeg\"\/><\/p>\n<p><b>&#8220;ANLAYAN HER \u015eEY\u0130 ANLADI&#8221;<\/b><\/p>\n<p>&#8220;- Bug\u00fcn bizim 102. kurulu\u015f y\u0131l d\u00f6n\u00fcm\u00fcm\u00fcz Gazi Mustafa Kemalden \u00d6zele kadar daima de\u011fer verdik de\u011fer g\u00f6rd\u00fck. Altan Bey&#8217;i g\u00f6rd\u00fc\u011f\u00fcm yerde daima zorla elini \u00f6pt\u00fcm. Bununla onur ve gurur duyuyorum ancak bunu yapar m\u0131s\u0131n birileri i\u00e7in desen yapmam. Anlayan her \u015feyi anlad\u0131 yapmam.&#8221;<\/p>\n<p><img decoding=\"async\" src=\"https:\/\/ikimisli.tr\/wp-content\/uploads\/2025\/09\/ali-mahir-basarirdan-kilicdarogluna-bu-kadar-mi-onemli-bu-koltuk-1-Fll3rVfn.jpeg\"\/><\/p>\n<p><b>&#8220;ONUN \u0130\u00c7\u0130N A\u011eLAYANLAR DAYAK YED\u0130&#8221;<\/b><\/p>\n<p>&#8220;- Hak etmedik biz bunu. Say\u0131n \u00d6zg\u00fcr \u00d6zel hak etmedi. Herkes AKP-MHP&#8217;ye oy verenler herkes ge\u00e7mi\u015f olsun dedi bize. T\u00fcrkiye&#8217;ye yap\u0131ld\u0131 bu muamele bize yap\u0131lmad\u0131. Bak\u0131n t\u0131rna\u011f\u0131na ziyan gelse bug\u00fcn d\u00fcnyay\u0131 y\u0131kar\u0131m. Konutunun \u00f6n\u00fcnde beklerim. Evlatlar\u0131 dayak yedi, \u00fczerinden ge\u00e7ti polisler, basarak gittiler. Ben yerdeydim 50 ki\u015fi ba\u015f\u0131ma g\u00f6z\u00fcme basarak gitti. 13 y\u0131l boyunca onun i\u00e7in a\u011flayan be\u015ferler dayak yedi. 12 saat su sokmad\u0131lar oraya. Sizce \u00fcz\u00fclmeyeyim mi?&#8221;<\/p>\n<p><img decoding=\"async\" src=\"https:\/\/ikimisli.tr\/wp-content\/uploads\/2025\/09\/ali-mahir-basarirdan-kilicdarogluna-bu-kadar-mi-onemli-bu-koltuk-2-4CTyab2a.jpeg\"\/><\/p>\n<p><b>&#8220;KOLTUK BU KADAR MI \u00d6NEML\u0130&#8221;<\/b><\/p>\n<p>&#8220;- Y\u0131llarca birlikte y\u00fcr\u00fcd\u00fc\u011f\u00fcm\u00fcz bayan kollar\u0131ndan arkada\u015flar\u0131m\u0131z gazlara maruz kald\u0131lar. Ne kadar k\u0131ymetli bu koltuk? Benim i\u00e7in k\u0131ymetli de\u011fil. \u00dclkemden k\u0131ymetli de\u011fil. Bu kadar m\u0131 de\u011ferli bu koltuk. Olmuyorsa olmuyor karde\u015fim. Bu kin bu nefret koltuk i\u00e7inse ben \u00e7ok \u00fcz\u00fcl\u00fcyorum. Bunlar\u0131 dayanamad\u0131\u011f\u0131m i\u00e7in s\u00f6yl\u00fcyorum. Tahminen hi\u00e7 konu\u015fmamam gereken \u015feyler fakat dayanam\u0131yorum art\u0131k&#8221;<\/p>\n","protected":false},"excerpt":{"rendered":"<p>CHP K\u00fcme Ba\u015fkanvekili Ali Becerikli Ba\u015far\u0131r S\u00f6zc\u00fc TV&#8217;de \u0130pek \u00d6zbey&#8217;in sundu\u011fu Nokta At\u0131\u015f\u0131 program\u0131nda CHP eski Genel Ba\u015fkan\u0131 Kemal K\u0131l\u0131\u00e7daro\u011flu&#8217;na tepki g\u00f6sterdi. Ba\u015far\u0131r &#8220;CHP&#8217;nin kayyumlara teslim olmad\u0131\u011f\u0131n\u0131 olmayaca\u011f\u0131n\u0131 s\u00f6ylemesini isterdim beklerdim. Bunu Murat Bey, Hikmet Beyefendi yapt\u0131. Altan Bey ya\u015fasa o da yapard\u0131. Burada nefesim d\u00fc\u011f\u00fcmleniyor. Ben Kemal Bey&#8217;den de beklerdim&#8221; dedi<\/p>\n","protected":false},"author":1,"featured_media":79860,"comment_status":"open","ping_status":"open","sticky":false,"template":"","format":"standard","meta":{"footnotes":""},"categories":[25],"tags":[1626],"class_list":["post-79859","post","type-post","status-publish","format-standard","has-post-thumbnail","hentry","category-gundem","tag-bey"],"_links":{"self":[{"href":"https:\/\/ikimisli.tr\/index.php\/wp-json\/wp\/v2\/posts\/79859","targetHints":{"allow":["GET"]}}],"collection":[{"href":"https:\/\/ikimisli.tr\/index.php\/wp-json\/wp\/v2\/posts"}],"about":[{"href":"https:\/\/ikimisli.tr\/index.php\/wp-json\/wp\/v2\/types\/post"}],"author":[{"embeddable":true,"href":"https:\/\/ikimisli.tr\/index.php\/wp-json\/wp\/v2\/users\/1"}],"replies":[{"embeddable":true,"href":"https:\/\/ikimisli.tr\/index.php\/wp-json\/wp\/v2\/comments?post=79859"}],"version-history":[{"count":1,"href":"https:\/\/ikimisli.tr\/index.php\/wp-json\/wp\/v2\/posts\/79859\/revisions"}],"predecessor-version":[{"id":79864,"href":"https:\/\/ikimisli.tr\/index.php\/wp-json\/wp\/v2\/posts\/79859\/revisions\/79864"}],"wp:featuredmedia":[{"embeddable":true,"href":"https:\/\/ikimisli.tr\/index.php\/wp-json\/wp\/v2\/media\/79860"}],"wp:attachment":[{"href":"https:\/\/ikimisli.tr\/index.php\/wp-json\/wp\/v2\/media?parent=79859"}],"wp:term":[{"taxonomy":"category","embeddable":true,"href":"https:\/\/ikimisli.tr\/index.php\/wp-json\/wp\/v2\/categories?post=79859"},{"taxonomy":"post_tag","embeddable":true,"href":"https:\/\/ikimisli.tr\/index.php\/wp-json\/wp\/v2\/tags?post=79859"}],"curies":[{"name":"wp","href":"https:\/\/api.w.org\/{rel}","templated":true}]}}