{"id":80028,"date":"2025-09-11T03:44:04","date_gmt":"2025-09-11T03:44:04","guid":{"rendered":"https:\/\/ikimisli.tr\/?p=80028"},"modified":"2025-09-11T03:44:04","modified_gmt":"2025-09-11T03:44:04","slug":"adanadaki-dugunde-ortalik-birbirine-girdi-kavga-anlari-kamerada","status":"publish","type":"post","link":"https:\/\/ikimisli.tr\/index.php\/2025\/09\/11\/adanadaki-dugunde-ortalik-birbirine-girdi-kavga-anlari-kamerada\/","title":{"rendered":"Adana&#8217;daki d\u00fc\u011f\u00fcnde ortal\u0131k birbirine girdi: Kavga anlar\u0131 kamerada"},"content":{"rendered":"<p>Olay, saat 22.00 s\u0131ralar\u0131nda merkez Yenibaraj Mahallesi&#8217;ndeki bir d\u00fc\u011f\u00fcn salonunda meydana geldi. D\u00fc\u011f\u00fcnde iki k\u00fcme ortas\u0131nda bilinmeyen nedenle \u00e7\u0131kan tart\u0131\u015fma, k\u0131sa m\u00fcddette arbedeye d\u00f6n\u00fc\u015ft\u00fc. D\u00fc\u011f\u00fcndeki \u00f6b\u00fcr davetlilerin ihbar\u0131 \u00fczerine olay yerine sevk edilen polisler, arbedeyi ay\u0131rd\u0131. Arbede nedeniyle d\u00fc\u011f\u00fcn\u00fcn erken bitirildi\u011fi \u00f6\u011frenildi.<\/p>\n<p>\u00d6te yandan iki k\u00fcmenin d\u00fc\u011f\u00fcn salonundaki arbedesi, cep telefonu kameras\u0131yla kaydedildi. Polis, arbedeye kar\u0131\u015fan \u00e7ok say\u0131da ki\u015fiyi g\u00f6zalt\u0131na ald\u0131.<\/p>\n","protected":false},"excerpt":{"rendered":"<p>Adana&#8217;da bir d\u00fc\u011f\u00fcn salonunda \u00e7\u0131kan arbede, cep telefonu kameras\u0131yla kaydedildi.<\/p>\n","protected":false},"author":1,"featured_media":80029,"comment_status":"open","ping_status":"open","sticky":false,"template":"","format":"standard","meta":{"footnotes":""},"categories":[25],"tags":[2896,180],"class_list":["post-80028","post","type-post","status-publish","format-standard","has-post-thumbnail","hentry","category-gundem","tag-dugun","tag-kavga"],"_links":{"self":[{"href":"https:\/\/ikimisli.tr\/index.php\/wp-json\/wp\/v2\/posts\/80028","targetHints":{"allow":["GET"]}}],"collection":[{"href":"https:\/\/ikimisli.tr\/index.php\/wp-json\/wp\/v2\/posts"}],"about":[{"href":"https:\/\/ikimisli.tr\/index.php\/wp-json\/wp\/v2\/types\/post"}],"author":[{"embeddable":true,"href":"https:\/\/ikimisli.tr\/index.php\/wp-json\/wp\/v2\/users\/1"}],"replies":[{"embeddable":true,"href":"https:\/\/ikimisli.tr\/index.php\/wp-json\/wp\/v2\/comments?post=80028"}],"version-history":[{"count":1,"href":"https:\/\/ikimisli.tr\/index.php\/wp-json\/wp\/v2\/posts\/80028\/revisions"}],"predecessor-version":[{"id":80030,"href":"https:\/\/ikimisli.tr\/index.php\/wp-json\/wp\/v2\/posts\/80028\/revisions\/80030"}],"wp:featuredmedia":[{"embeddable":true,"href":"https:\/\/ikimisli.tr\/index.php\/wp-json\/wp\/v2\/media\/80029"}],"wp:attachment":[{"href":"https:\/\/ikimisli.tr\/index.php\/wp-json\/wp\/v2\/media?parent=80028"}],"wp:term":[{"taxonomy":"category","embeddable":true,"href":"https:\/\/ikimisli.tr\/index.php\/wp-json\/wp\/v2\/categories?post=80028"},{"taxonomy":"post_tag","embeddable":true,"href":"https:\/\/ikimisli.tr\/index.php\/wp-json\/wp\/v2\/tags?post=80028"}],"curies":[{"name":"wp","href":"https:\/\/api.w.org\/{rel}","templated":true}]}}