{"id":80037,"date":"2025-09-11T04:20:04","date_gmt":"2025-09-11T04:20:04","guid":{"rendered":"https:\/\/ikimisli.tr\/?p=80037"},"modified":"2025-09-11T04:20:04","modified_gmt":"2025-09-11T04:20:04","slug":"3-yil-sonra-buyuk-gelisme-varsova-savasa-katildi","status":"publish","type":"post","link":"https:\/\/ikimisli.tr\/index.php\/2025\/09\/11\/3-yil-sonra-buyuk-gelisme-varsova-savasa-katildi\/","title":{"rendered":"3 y\u0131l sonra b\u00fcy\u00fck geli\u015fme: Var\u015fova sava\u015fa kat\u0131ld\u0131"},"content":{"rendered":"<p>3 y\u0131ld\u0131r kesintisiz \u00e7at\u0131\u015fmalarla d\u00fcnya g\u00fcndeminden d\u00fc\u015fmeyen Ukrayna &#8211; Rusya sava\u015f\u0131na birinci sefer di\u011fer bir \u00fclke daha dahil oldu.<\/p>\n<p>Polonya, sonlar\u0131na giren Rus \u0130HA&#8217;s\u0131n\u0131 vurarak birinci defa sava\u015fta taraf \u00fclkelerinden birine silahl\u0131 m\u00fcdahalede bulunmu\u015f oldu.<\/p>\n<p>Olay \u00fczerine ABD F-35&#8217;leri ve tankerler Polonya semalar\u0131nda cins \u00fcst\u00fcne t\u0131p att\u0131. Fakat Rusya&#8217;dan ne yeni bir taarruz, ne de bir a\u00e7\u0131klama geldi.<\/p>\n<p><b>10 RUS \u0130HASI VURULDU<\/b><\/p>\n<p>Var\u015fova h\u00fck\u00fcmeti, Rus \u0130HA&#8217;s\u0131n\u0131n hudut ihlalini direkt h\u00fccum olarak niteledi. Ukrayna&#8217;n\u0131n do\u011fu hududundaki kom\u015fu Polonya, hem Rusya&#8217;yla \u00e7alkant\u0131l\u0131 bir ge\u00e7mi\u015fe sahip, hem de Ukrayna&#8217;n\u0131n finans\u00f6rlerinden biri.<\/p>\n<p>Polonya ordusu, Rus h\u00fccumlar\u0131 s\u0131ras\u0131nda bir\u00e7ok insans\u0131z hava arac\u0131n\u0131n tekraren \u00fclke sonunu ge\u00e7ti\u011fini bildirdi.<\/p>\n<p>Radarlar 10\u2019dan fazla cismi izledi ve tehdit olu\u015fturabilecek olanlar\u0131n etkisiz hale getirildi\u011fini duyurdu.<\/p>\n<p>Polonya ordusu, yapt\u0131\u011f\u0131 a\u00e7\u0131klamada \u201cHava alan\u0131m\u0131za giren kimi insans\u0131z hava ara\u00e7lar\u0131 vuruldu. Bu cisimlerin muhtemel enkazlar\u0131n\u0131 bulmak i\u00e7in arama \u00e7al\u0131\u015fmalar\u0131 s\u00fcr\u00fcyor\u201d denildi. \u015eu ana kadar enkazlardan birinin bulundu\u011fu aktar\u0131ld\u0131.<\/p>\n<p>Bu esnada Polonya Ba\u015fbakan\u0131 Donald Tusk operasyonlar\u0131n s\u00fcrd\u00fc\u011f\u00fcn\u00fc ve NATO Genel Sekreteri Mark Rutte ile daima temas halinde oldu\u011funu a\u00e7\u0131klad\u0131. H\u00fck\u00fcmet sabah erken saatlerde ola\u011fan\u00fcst\u00fc bakanlar kurulu toplant\u0131s\u0131 karar\u0131 ald\u0131.<\/p>\n<p><b>POLONYA ALARMA GE\u00c7T\u0130<\/b><\/p>\n<p>Var\u015fova\u2019daki Chopin Havaliman\u0131 askeri hareketlilik nedeniyle hava alan\u0131n\u0131 kapatt\u0131\u011f\u0131n\u0131 a\u00e7\u0131klad\u0131. Halk\u0131n meskenlerinde kalmas\u0131 istendi, Podlaskie, Mazowieckie ve Lublin b\u00f6lgelerinin risk alt\u0131nda oldu\u011fu a\u00e7\u0131kland\u0131.\u00a0<\/p>\n<p>U\u00e7u\u015f takip datalar\u0131na nazaran sabah erken saatlerde buraya inecek u\u00e7aklar Katowice, Wroclaw ve Poznan\u2019a y\u00f6nlendirildi.<\/p>\n<p>ABD Federal Havac\u0131l\u0131k Dairesi, Chopin\u2019in yan\u0131 s\u0131ra Ukrayna\u2019ya hem yolcu hem silah transferlerinde kilit nokta olan Rzeszow\u2013Jasionka dahil d\u00f6rt havaliman\u0131n\u0131n s\u00fcreksiz olarak kapat\u0131ld\u0131\u011f\u0131n\u0131 bildirdi.<\/p>\n<p>Ukrayna hava kuvvetleri de \u00fclkenin bat\u0131s\u0131ndaki Volyn ve Lviv dahil pek \u00e7ok b\u00f6lgenin gece boyunca hava sald\u0131r\u0131s\u0131 alarm\u0131 alt\u0131nda oldu\u011funu duyurdu.<\/p>\n<p><b>ABD&#8217;DEN REAKS\u0130YONLAR GEC\u0130KMED\u0130<\/b><\/p>\n<p>ABD\u2019de Demokrat senat\u00f6r Dick Durbin Rusya\u2019n\u0131n NATO hava alan\u0131n\u0131 ihlallerini \u201cPutin\u2019in kararl\u0131l\u0131\u011f\u0131m\u0131z\u0131 s\u0131nad\u0131\u011f\u0131na dair a\u00e7\u0131k bir i\u015faret\u201d olarak k\u0131ymetlendirdi.<\/p>\n<p>Cumhuriyet\u00e7i temsilci Joe Wilson ise Rusya\u2019n\u0131n \u201cNATO m\u00fcttefiki Polonya\u2019ya sald\u0131rd\u0131\u011f\u0131n\u0131\u201d belirterek bunu \u201csava\u015f ba\u015flatacak bir eylem\u201d olarak niteledi. Wilson, ABD Ba\u015fkan\u0131 Donald Trump\u2019a Rusya\u2019y\u0131 iflasa s\u00fcr\u00fckleyecek yapt\u0131r\u0131mlar uygulama daveti yapt\u0131.<\/p>\n<p>Trump ise ge\u00e7ti\u011fimiz g\u00fcnlerde Moskova\u2019ya y\u00f6nelik ikinci basamak yapt\u0131r\u0131mlara haz\u0131r oldu\u011funu a\u00e7\u0131klam\u0131\u015ft\u0131.<\/p>\n<p>Avrupa Birli\u011fi de Washington\u2019da ortak ad\u0131mlar i\u00e7in temaslarda bulunurken Polonya, Belarus sonunu Rusya\u2019n\u0131n \u00f6nc\u00fcl\u00fck etti\u011fi tatbikatlar nedeniyle kapatma karar\u0131 ald\u0131.\u00a0<\/p>\n","protected":false},"excerpt":{"rendered":"<p>Polonya hava alan\u0131n\u0131 ihlal eden Rus \u0130HA\u2019lar\u0131n\u0131 vurarak Ukrayna sava\u015f\u0131na birinci kere direkt m\u00fcdahil oldu. Var\u015fova h\u00fck\u00fcmeti olay\u0131 h\u00fccum olarak niteledi, NATO alarm durumuna ge\u00e7ti. Havalimanlar\u0131 kapat\u0131ld\u0131, ABD\u2019den sert a\u00e7\u0131klamalar geldi.<\/p>\n","protected":false},"author":1,"featured_media":80038,"comment_status":"open","ping_status":"open","sticky":false,"template":"","format":"standard","meta":{"footnotes":""},"categories":[43],"tags":[82,161,1986,566,2457],"class_list":["post-80037","post","type-post","status-publish","format-standard","has-post-thumbnail","hentry","category-dunya","tag-abd","tag-hava","tag-polonya","tag-rusya","tag-sinir"],"_links":{"self":[{"href":"https:\/\/ikimisli.tr\/index.php\/wp-json\/wp\/v2\/posts\/80037","targetHints":{"allow":["GET"]}}],"collection":[{"href":"https:\/\/ikimisli.tr\/index.php\/wp-json\/wp\/v2\/posts"}],"about":[{"href":"https:\/\/ikimisli.tr\/index.php\/wp-json\/wp\/v2\/types\/post"}],"author":[{"embeddable":true,"href":"https:\/\/ikimisli.tr\/index.php\/wp-json\/wp\/v2\/users\/1"}],"replies":[{"embeddable":true,"href":"https:\/\/ikimisli.tr\/index.php\/wp-json\/wp\/v2\/comments?post=80037"}],"version-history":[{"count":1,"href":"https:\/\/ikimisli.tr\/index.php\/wp-json\/wp\/v2\/posts\/80037\/revisions"}],"predecessor-version":[{"id":80039,"href":"https:\/\/ikimisli.tr\/index.php\/wp-json\/wp\/v2\/posts\/80037\/revisions\/80039"}],"wp:featuredmedia":[{"embeddable":true,"href":"https:\/\/ikimisli.tr\/index.php\/wp-json\/wp\/v2\/media\/80038"}],"wp:attachment":[{"href":"https:\/\/ikimisli.tr\/index.php\/wp-json\/wp\/v2\/media?parent=80037"}],"wp:term":[{"taxonomy":"category","embeddable":true,"href":"https:\/\/ikimisli.tr\/index.php\/wp-json\/wp\/v2\/categories?post=80037"},{"taxonomy":"post_tag","embeddable":true,"href":"https:\/\/ikimisli.tr\/index.php\/wp-json\/wp\/v2\/tags?post=80037"}],"curies":[{"name":"wp","href":"https:\/\/api.w.org\/{rel}","templated":true}]}}