{"id":80083,"date":"2025-09-11T06:56:05","date_gmt":"2025-09-11T06:56:05","guid":{"rendered":"https:\/\/ikimisli.tr\/?p=80083"},"modified":"2025-09-11T06:56:05","modified_gmt":"2025-09-11T06:56:05","slug":"yillarca-cezaevinde-kalan-hirsiz-akillanmadi","status":"publish","type":"post","link":"https:\/\/ikimisli.tr\/index.php\/2025\/09\/11\/yillarca-cezaevinde-kalan-hirsiz-akillanmadi\/","title":{"rendered":"Y\u0131llarca cezaevinde kalan h\u0131rs\u0131z ak\u0131llanmad\u0131"},"content":{"rendered":"<p>Konya \u0130l Emniyet M\u00fcd\u00fcrl\u00fc\u011f\u00fc Asayi\u015f \u015eube M\u00fcd\u00fcrl\u00fc\u011f\u00fc H\u0131rs\u0131zl\u0131k ve Yankesicilik Ofis Amirli\u011fi tak\u0131mlar\u0131, artan h\u0131rs\u0131zl\u0131k olaylar\u0131n\u0131n \u00f6n\u00fcne ge\u00e7mek ve faili me\u00e7hul evraklar\u0131 \u00e7\u00f6zmek hedefiyle \u00f6zel bir grup kurarak geni\u015f \u00e7apl\u0131 \u00e7al\u0131\u015fma ba\u015flatt\u0131.<\/p>\n<p><b>10 BA\u015eKA OLAYDA 2 M\u0130LYON TL BEDEL\u0130NDE HIRSIZLIK YAPILDI<\/b><\/p>\n<p>\u015e\u00fcpheli, 14 A\u011fustos \u2013 8 Eyl\u00fcl 2025 tarihleri ortas\u0131nda farkl\u0131 mahallelerde bulunan \u00e7ok say\u0131da ikametin kap\u0131 kilit g\u00f6beklerini k\u0131rarak i\u00e7eri girdi. \u00c7al\u0131nan e\u015fyalar ortas\u0131nda laptop, tablet, ziynet e\u015fyalar\u0131, kol saatleri, parf\u00fcmler, \u00e7antalar ve \u00e7e\u015fitli elektronik ayg\u0131tlar olurken birtak\u0131m ikametlerde mala ziyan verme olaylar\u0131 da ya\u015fand\u0131. Yap\u0131lan incelemelerde, kelam konusu h\u0131rs\u0131zl\u0131k olaylar\u0131ndan \u00f6t\u00fcr\u00fc ma\u011fdurlar\u0131n toplam ziyan\u0131n\u0131n yakla\u015f\u0131k 2 milyon TL oldu\u011fu belirlendi.<\/p>\n<p><b>POL\u0130SLER KAMERA \u0130MAJLARINI TEK TEK \u0130NCELED\u0130<\/b><\/p>\n<p>Olaylar\u0131n faillerinin tespiti i\u00e7in tak\u0131mlar, \u015f\u00fcphelinin gidi\u015f-geli\u015f g\u00fczerg\u00e2hlar\u0131nda bulunan g\u00fcvenlik kameras\u0131 imgelerini mercek alt\u0131na ald\u0131. Yakla\u015f\u0131k 18 kilometrelik g\u00fczerg\u00e2h \u00fczerinde 128 saatlik g\u00fcvenlik kameras\u0131 kay\u0131tlar\u0131 incelendi. Yap\u0131lan teknik ve fiziki takipler sonucunda \u015f\u00fcphelinin kimli\u011fi netle\u015fti.<\/p>\n<p><b>32 HATA KAYDI VAR, CEZAEV\u0130NDEN YEN\u0130 \u00c7IKMI\u015e<\/b><\/p>\n<p>\u015e\u00fcphelinin, B.K. (39) oldu\u011fu tespit edildi. B.K.\u2019n\u0131n konuttan h\u0131rs\u0131zl\u0131k ba\u015fta olmak \u00fczere 32 farkl\u0131 kabahat kayd\u0131 bulundu\u011fu, ayr\u0131yeten hakk\u0131nda 3 y\u0131l 4 ay kat\u0131la\u015fm\u0131\u015f mahpus cezas\u0131 oldu\u011fu \u00f6\u011frenildi. Tak\u0131mlar\u0131n d\u00fczenledi\u011fi operasyonla sakland\u0131\u011f\u0131 ikamette yakalanan B.K.\u2019n\u0131n meskeninde yap\u0131lan aramalarda, ma\u011fdurlara ili\u015fkin \u00e7ok say\u0131da \u00e7al\u0131nt\u0131 e\u015fya ele ge\u00e7irildi.<\/p>\n<p><b>DAHA EVVEL 42 BELGEDEN S\u00dcRE\u00c7 G\u00d6RM\u00dc\u015e<\/b><\/p>\n<p>Ara\u015ft\u0131rmalarda, ku\u015fkulu B.K.\u2019n\u0131n 2011 y\u0131l\u0131nda da Asayi\u015f \u015eube M\u00fcd\u00fcrl\u00fc\u011f\u00fc gruplar\u0131nca yakaland\u0131\u011f\u0131, o devirde 42 ba\u015fka evraktan s\u00fcre\u00e7 yap\u0131ld\u0131\u011f\u0131 ve uzun y\u0131llar cezaevinde kald\u0131\u011f\u0131 ortaya \u00e7\u0131kt\u0131. \u015e\u00fcphelinin k\u0131sa m\u00fchlet evvel cezaevinden \u00e7\u0131kt\u0131\u011f\u0131 ve yine h\u0131rs\u0131zl\u0131k olaylar\u0131n\u0131 ger\u00e7ekle\u015ftirdi\u011fi anla\u015f\u0131ld\u0131.<\/p>\n<p>Polis tak\u0131mlar\u0131nca g\u00f6zalt\u0131na al\u0131nan B.K., emniyetteki s\u00fcre\u00e7lerinin tamamlanmas\u0131n\u0131n akabinde sevk edildi\u011fi isimli makamlarca tutuklanarak cezaevine g\u00f6nderildi.<\/p>\n<p>Konya Emniyet M\u00fcd\u00fcrl\u00fc\u011f\u00fc yetkilileri, bilhassa ikametlerden h\u0131rs\u0131zl\u0131k olaylar\u0131nda s\u0131k\u00e7a kullan\u0131lan \u201ckilit g\u00f6be\u011fi k\u0131rma\u201d sistemine kar\u015f\u0131 vatanda\u015flar\u0131 dikkatli olmalar\u0131 konusunda uyararak, g\u00fcvenlik tedbirlerinin art\u0131r\u0131lmas\u0131 gerekti\u011fini vurgulad\u0131.<\/p>\n","protected":false},"excerpt":{"rendered":"<p>Konya\u2019da son bir ayda Sel\u00e7uklu, Meram ve Karatay il\u00e7elerinde meydana gelen, kap\u0131 kilit g\u00f6beklerinin patlat\u0131lmas\u0131 suretiyle ger\u00e7ekle\u015ftirilen 10 farkl\u0131 konuttan h\u0131rs\u0131zl\u0131k olay\u0131 polis tak\u0131mlar\u0131n\u0131n titiz \u00e7al\u0131\u015fmas\u0131yla ayd\u0131nlat\u0131ld\u0131.<\/p>\n","protected":false},"author":1,"featured_media":80084,"comment_status":"open","ping_status":"open","sticky":false,"template":"","format":"standard","meta":{"footnotes":""},"categories":[25],"tags":[9129,287,1862,5318,410],"class_list":["post-80083","post","type-post","status-publish","format-standard","has-post-thumbnail","hentry","category-gundem","tag-b-k","tag-ekip","tag-hirsizlik","tag-olaylari","tag-supheli"],"_links":{"self":[{"href":"https:\/\/ikimisli.tr\/index.php\/wp-json\/wp\/v2\/posts\/80083","targetHints":{"allow":["GET"]}}],"collection":[{"href":"https:\/\/ikimisli.tr\/index.php\/wp-json\/wp\/v2\/posts"}],"about":[{"href":"https:\/\/ikimisli.tr\/index.php\/wp-json\/wp\/v2\/types\/post"}],"author":[{"embeddable":true,"href":"https:\/\/ikimisli.tr\/index.php\/wp-json\/wp\/v2\/users\/1"}],"replies":[{"embeddable":true,"href":"https:\/\/ikimisli.tr\/index.php\/wp-json\/wp\/v2\/comments?post=80083"}],"version-history":[{"count":1,"href":"https:\/\/ikimisli.tr\/index.php\/wp-json\/wp\/v2\/posts\/80083\/revisions"}],"predecessor-version":[{"id":80085,"href":"https:\/\/ikimisli.tr\/index.php\/wp-json\/wp\/v2\/posts\/80083\/revisions\/80085"}],"wp:featuredmedia":[{"embeddable":true,"href":"https:\/\/ikimisli.tr\/index.php\/wp-json\/wp\/v2\/media\/80084"}],"wp:attachment":[{"href":"https:\/\/ikimisli.tr\/index.php\/wp-json\/wp\/v2\/media?parent=80083"}],"wp:term":[{"taxonomy":"category","embeddable":true,"href":"https:\/\/ikimisli.tr\/index.php\/wp-json\/wp\/v2\/categories?post=80083"},{"taxonomy":"post_tag","embeddable":true,"href":"https:\/\/ikimisli.tr\/index.php\/wp-json\/wp\/v2\/tags?post=80083"}],"curies":[{"name":"wp","href":"https:\/\/api.w.org\/{rel}","templated":true}]}}